{"id":35084,"date":"2026-04-24T16:28:01","date_gmt":"2026-04-24T22:28:01","guid":{"rendered":"https:\/\/tvpnoticias.com.mx\/?p=35084"},"modified":"2026-04-24T16:28:01","modified_gmt":"2026-04-24T22:28:01","slug":"dif-matehuala-rescata-a-menor-en-situacion-de-mendicidad","status":"publish","type":"post","link":"https:\/\/tvpnoticias.com.mx\/?p=35084","title":{"rendered":"DIF Matehuala rescata a menor en situaci\u00f3n de mendicidad"},"content":{"rendered":"\n<p class=\"wp-block-paragraph\">Un menor de edad fue localizado en situaci\u00f3n de mendicidad en el municipio de Matehuala, lo que deriv\u00f3 en la intervenci\u00f3n del Sistema Municipal DIF.<br><br>La acci\u00f3n se realiz\u00f3 con el objetivo de salvaguardar la integridad del ni\u00f1o y garantizar la restituci\u00f3n de sus derechos, conforme a los protocolos establecidos para la atenci\u00f3n de ni\u00f1as, ni\u00f1os y adolescentes.<br><br>Tras su localizaci\u00f3n, el menor fue puesto bajo resguardo para recibir atenci\u00f3n integral y evitar riesgos asociados a su condici\u00f3n de vulnerabilidad en la v\u00eda p\u00fablica.<br><br>La presidenta del SMDIF Matehuala, Zoraira Hern\u00e1ndez de los Reyes, encabez\u00f3 las acciones y reiter\u00f3 la coordinaci\u00f3n con las instancias competentes para atender este tipo de casos de manera oportuna.<br><br>El organismo municipal mantiene trabajos permanentes enfocados en la protecci\u00f3n de la infancia y en la atenci\u00f3n de situaciones que impliquen riesgo para sectores vulnerables de la poblaci\u00f3n.<\/p>\n","protected":false},"excerpt":{"rendered":"<p>Un menor de edad fue localizado en situaci\u00f3n de mendicidad en el municipio de Matehuala, lo que deriv\u00f3 en la intervenci\u00f3n del Sistema Municipal DIF. La acci\u00f3n se realiz\u00f3 con el objetivo de salvaguardar la integridad del ni\u00f1o y garantizar &hellip; <a href=\"https:\/\/tvpnoticias.com.mx\/?p=35084\" class=\"more-link\">Contin\u00faa leyendo <span class=\"screen-reader-text\">DIF Matehuala rescata a menor en situaci\u00f3n de mendicidad<\/span><\/a><\/p>\n","protected":false},"author":232456897,"featured_media":35083,"comment_status":"open","ping_status":"open","sticky":false,"template":"","format":"standard","meta":{"_crdt_document":"","rop_custom_images_group":[],"rop_custom_messages_group":[],"rop_publish_now":"initial","rop_publish_now_accounts":{"facebook_8025747037436539_114477521595495":""},"rop_publish_now_history":[],"rop_publish_now_status":"pending","advanced_seo_description":"","jetpack_seo_html_title":"","jetpack_seo_noindex":false,"_jetpack_newsletter_access":"","_jetpack_dont_email_post_to_subs":false,"_jetpack_newsletter_tier_id":0,"_jetpack_memberships_contains_paywalled_content":false,"_jetpack_memberships_contains_paid_content":false,"footnotes":"","jetpack_publicize_message":"#Matehuala | En coordinaci\u00f3n con la Fiscal\u00eda, se activaron protocolos de protecci\u00f3n infantil\n\n#TVP #Noticias #ElPoderDeLaInformaci\u00f3n","jetpack_publicize_feature_enabled":true,"jetpack_social_post_already_shared":true,"jetpack_social_options":{"image_generator_settings":{"template":"highway","default_image_id":0,"font":"","enabled":false},"version":2},"_wpas_customize_per_network":false,"jetpack_post_was_ever_published":false},"categories":[27730,49001],"tags":[537238,537048,29750],"class_list":{"0":"post-35084","1":"post","2":"type-post","3":"status-publish","4":"format-standard","5":"has-post-thumbnail","6":"hentry","7":"category-informacion-general","8":"category-locales","9":"tag-dif","10":"tag-matehuala","11":"tag-portada","13":"fallback-thumbnail"},"jetpack_publicize_connections":[],"jetpack_featured_media_url":"https:\/\/i0.wp.com\/tvpnoticias.com.mx\/wp-content\/uploads\/2026\/04\/image_editor_output_image-984776801-1777069784807.png?fit=1280%2C720&ssl=1","jetpack_likes_enabled":false,"jetpack_sharing_enabled":true,"jetpack_shortlink":"https:\/\/wp.me\/peDonN-97S","jetpack-related-posts":[{"id":25183,"url":"https:\/\/tvpnoticias.com.mx\/?p=25183","url_meta":{"origin":35084,"position":0},"title":"Arranca con \u00e9xito el programa de atenci\u00f3n alimentaria en los primeros mil d\u00edas","author":"Gamaliel Rodr\u00edguez","date":"9 de mayo de 2025","format":false,"excerpt":"Con gran entusiasmo y compromiso social, la presidenta del Sistema Municipal DIF Matehuala encabez\u00f3 el arranque del Programa de Atenci\u00f3n Alimentaria en los Primeros 1000 D\u00edas, impulsado por el Gobierno de M\u00e9xico, la Secretar\u00eda de Salud, el Sistema Nacional DIF y el DIF Estatal.Este programa tiene como objetivo mejorar la\u2026","rel":"","context":"En \u00abInformaci\u00f3n General\u00bb","block_context":{"text":"Informaci\u00f3n General","link":"https:\/\/tvpnoticias.com.mx\/?cat=27730"},"img":{"alt_text":"","src":"https:\/\/i0.wp.com\/tvpnoticias.com.mx\/wp-content\/uploads\/2025\/05\/image_editor_output_image-1960957602-1746757851812.jpg?fit=1080%2C607&ssl=1&resize=350%2C200","width":350,"height":200,"srcset":"https:\/\/i0.wp.com\/tvpnoticias.com.mx\/wp-content\/uploads\/2025\/05\/image_editor_output_image-1960957602-1746757851812.jpg?fit=1080%2C607&ssl=1&resize=350%2C200 1x, https:\/\/i0.wp.com\/tvpnoticias.com.mx\/wp-content\/uploads\/2025\/05\/image_editor_output_image-1960957602-1746757851812.jpg?fit=1080%2C607&ssl=1&resize=525%2C300 1.5x, https:\/\/i0.wp.com\/tvpnoticias.com.mx\/wp-content\/uploads\/2025\/05\/image_editor_output_image-1960957602-1746757851812.jpg?fit=1080%2C607&ssl=1&resize=700%2C400 2x, https:\/\/i0.wp.com\/tvpnoticias.com.mx\/wp-content\/uploads\/2025\/05\/image_editor_output_image-1960957602-1746757851812.jpg?fit=1080%2C607&ssl=1&resize=1050%2C600 3x"},"classes":[]},{"id":20091,"url":"https:\/\/tvpnoticias.com.mx\/?p=20091","url_meta":{"origin":35084,"position":1},"title":"DIF Matehuala recibe material para detecci\u00f3n temprana de autismo","author":"Gamaliel Rodr\u00edguez","date":"28 de noviembre de 2024","format":false,"excerpt":"En un paso importante hacia la inclusi\u00f3n y atenci\u00f3n integral de las personas con Trastorno del Espectro Autista (TEA), el DIF Municipal de Matehuala, encabezado por la Lic. Zoraira Hern\u00e1ndez de los Reyes, recibi\u00f3 material especializado para la detecci\u00f3n oportuna de esta condici\u00f3n.Durante el evento, la presidenta del DIF Municipal\u2026","rel":"","context":"En \u00abInformaci\u00f3n General\u00bb","block_context":{"text":"Informaci\u00f3n General","link":"https:\/\/tvpnoticias.com.mx\/?cat=27730"},"img":{"alt_text":"","src":"https:\/\/i0.wp.com\/tvpnoticias.com.mx\/wp-content\/uploads\/2024\/11\/image_editor_output_image-1020991498-1732832024023.jpg?fit=1080%2C607&ssl=1&resize=350%2C200","width":350,"height":200,"srcset":"https:\/\/i0.wp.com\/tvpnoticias.com.mx\/wp-content\/uploads\/2024\/11\/image_editor_output_image-1020991498-1732832024023.jpg?fit=1080%2C607&ssl=1&resize=350%2C200 1x, https:\/\/i0.wp.com\/tvpnoticias.com.mx\/wp-content\/uploads\/2024\/11\/image_editor_output_image-1020991498-1732832024023.jpg?fit=1080%2C607&ssl=1&resize=525%2C300 1.5x, https:\/\/i0.wp.com\/tvpnoticias.com.mx\/wp-content\/uploads\/2024\/11\/image_editor_output_image-1020991498-1732832024023.jpg?fit=1080%2C607&ssl=1&resize=700%2C400 2x, https:\/\/i0.wp.com\/tvpnoticias.com.mx\/wp-content\/uploads\/2024\/11\/image_editor_output_image-1020991498-1732832024023.jpg?fit=1080%2C607&ssl=1&resize=1050%2C600 3x"},"classes":[]},{"id":33482,"url":"https:\/\/tvpnoticias.com.mx\/?p=33482","url_meta":{"origin":35084,"position":2},"title":"DIF concreta registro extempor\u00e1neo de menor","author":"Gamaliel Rodr\u00edguez","date":"28 de febrero de 2026","format":false,"excerpt":"Bajo la direcci\u00f3n de la Zoraira Hern\u00e1ndez de los Reyes, el tr\u00e1mite se llev\u00f3 a cabo con el acompa\u00f1amiento institucional correspondiente. El DIF Matehuala inform\u00f3 que se logr\u00f3 concretar el registro extempor\u00e1neo de un menor de edad, gracias al apoyo brindado durante el proceso por la Procuradur\u00eda de Protecci\u00f3n de\u2026","rel":"","context":"En \u00abInformaci\u00f3n General\u00bb","block_context":{"text":"Informaci\u00f3n General","link":"https:\/\/tvpnoticias.com.mx\/?cat=27730"},"img":{"alt_text":"","src":"https:\/\/i0.wp.com\/tvpnoticias.com.mx\/wp-content\/uploads\/2026\/02\/image_editor_output_image-2135060087-1772255142439.png?fit=1200%2C675&ssl=1&resize=350%2C200","width":350,"height":200,"srcset":"https:\/\/i0.wp.com\/tvpnoticias.com.mx\/wp-content\/uploads\/2026\/02\/image_editor_output_image-2135060087-1772255142439.png?fit=1200%2C675&ssl=1&resize=350%2C200 1x, https:\/\/i0.wp.com\/tvpnoticias.com.mx\/wp-content\/uploads\/2026\/02\/image_editor_output_image-2135060087-1772255142439.png?fit=1200%2C675&ssl=1&resize=525%2C300 1.5x, https:\/\/i0.wp.com\/tvpnoticias.com.mx\/wp-content\/uploads\/2026\/02\/image_editor_output_image-2135060087-1772255142439.png?fit=1200%2C675&ssl=1&resize=700%2C400 2x, https:\/\/i0.wp.com\/tvpnoticias.com.mx\/wp-content\/uploads\/2026\/02\/image_editor_output_image-2135060087-1772255142439.png?fit=1200%2C675&ssl=1&resize=1050%2C600 3x"},"classes":[]},{"id":29553,"url":"https:\/\/tvpnoticias.com.mx\/?p=29553","url_meta":{"origin":35084,"position":3},"title":"DIF y Polic\u00eda brindan apoyo a mujer en situaci\u00f3n de calle","author":"Gamaliel Rodr\u00edguez","date":"8 de octubre de 2025","format":false,"excerpt":"Dentro de las acciones en favor de grupos vulnerables y personas en situaci\u00f3n de calle, la Direcci\u00f3n General de Seguridad P\u00fablica Municipal de Matehuala que dirige Jorge Pe\u00f1a y el Sistema Municipal DIF, dieron seguimiento y canalizaci\u00f3n de una mujer a un centro psiqui\u00e1trico para su recuperaci\u00f3n y posterior sea\u2026","rel":"","context":"En \u00abInformaci\u00f3n General\u00bb","block_context":{"text":"Informaci\u00f3n General","link":"https:\/\/tvpnoticias.com.mx\/?cat=27730"},"img":{"alt_text":"","src":"https:\/\/i0.wp.com\/tvpnoticias.com.mx\/wp-content\/uploads\/2025\/10\/image_editor_output_image1694521556-1759888973126.jpg?fit=720%2C404&ssl=1&resize=350%2C200","width":350,"height":200,"srcset":"https:\/\/i0.wp.com\/tvpnoticias.com.mx\/wp-content\/uploads\/2025\/10\/image_editor_output_image1694521556-1759888973126.jpg?fit=720%2C404&ssl=1&resize=350%2C200 1x, https:\/\/i0.wp.com\/tvpnoticias.com.mx\/wp-content\/uploads\/2025\/10\/image_editor_output_image1694521556-1759888973126.jpg?fit=720%2C404&ssl=1&resize=525%2C300 1.5x, https:\/\/i0.wp.com\/tvpnoticias.com.mx\/wp-content\/uploads\/2025\/10\/image_editor_output_image1694521556-1759888973126.jpg?fit=720%2C404&ssl=1&resize=700%2C400 2x"},"classes":[]},{"id":31174,"url":"https:\/\/tvpnoticias.com.mx\/?p=31174","url_meta":{"origin":35084,"position":4},"title":"Polic\u00eda y DIF Municipal rescata a menor que sufr\u00eda maltrato en su hogar","author":"Gamaliel Rodr\u00edguez","date":"28 de noviembre de 2025","format":false,"excerpt":"Personal de la Polic\u00eda Municipal de Matehuala que dirige el Comandante Lic. Jorge Pe\u00f1a, brind\u00f3 el auxilio y ayuda a una menor de 9 a\u00f1os que era objeto de violencia f\u00edsica por parte de su padre, presentaba visibles huellas de golpes en la espalda y cara, sus compa\u00f1eros de clases\u2026","rel":"","context":"En \u00abInformaci\u00f3n General\u00bb","block_context":{"text":"Informaci\u00f3n General","link":"https:\/\/tvpnoticias.com.mx\/?cat=27730"},"img":{"alt_text":"","src":"https:\/\/i0.wp.com\/tvpnoticias.com.mx\/wp-content\/uploads\/2025\/11\/DiseC3B1osintC3ADtulo_20251128_141618_0000.png?fit=1200%2C675&ssl=1&resize=350%2C200","width":350,"height":200,"srcset":"https:\/\/i0.wp.com\/tvpnoticias.com.mx\/wp-content\/uploads\/2025\/11\/DiseC3B1osintC3ADtulo_20251128_141618_0000.png?fit=1200%2C675&ssl=1&resize=350%2C200 1x, https:\/\/i0.wp.com\/tvpnoticias.com.mx\/wp-content\/uploads\/2025\/11\/DiseC3B1osintC3ADtulo_20251128_141618_0000.png?fit=1200%2C675&ssl=1&resize=525%2C300 1.5x, https:\/\/i0.wp.com\/tvpnoticias.com.mx\/wp-content\/uploads\/2025\/11\/DiseC3B1osintC3ADtulo_20251128_141618_0000.png?fit=1200%2C675&ssl=1&resize=700%2C400 2x, https:\/\/i0.wp.com\/tvpnoticias.com.mx\/wp-content\/uploads\/2025\/11\/DiseC3B1osintC3ADtulo_20251128_141618_0000.png?fit=1200%2C675&ssl=1&resize=1050%2C600 3x"},"classes":[]},{"id":32387,"url":"https:\/\/tvpnoticias.com.mx\/?p=32387","url_meta":{"origin":35084,"position":5},"title":"DIF Matehuala atiende reporte ciudadano y garantiza acompa\u00f1amiento social","author":"Gamaliel Rodr\u00edguez","date":"16 de enero de 2026","format":false,"excerpt":"Ante reportes difundidos en redes, el DIF Municipal inform\u00f3 sobre la atenci\u00f3n brindada a una persona que pernoctaba en la v\u00eda p\u00fablica, priorizando su bienestar y el respeto a su decisi\u00f3n.El Sistema Municipal DIF Matehuala, encabezado por la licenciada Zoraira Hern\u00e1ndez de los Reyes, mantiene atenci\u00f3n permanente a reportes ciudadanos,\u2026","rel":"","context":"En \u00abInformaci\u00f3n General\u00bb","block_context":{"text":"Informaci\u00f3n General","link":"https:\/\/tvpnoticias.com.mx\/?cat=27730"},"img":{"alt_text":"","src":"https:\/\/i0.wp.com\/tvpnoticias.com.mx\/wp-content\/uploads\/2026\/01\/image_editor_output_image-637083462-1768611714114.jpg?fit=1200%2C674&ssl=1&resize=350%2C200","width":350,"height":200,"srcset":"https:\/\/i0.wp.com\/tvpnoticias.com.mx\/wp-content\/uploads\/2026\/01\/image_editor_output_image-637083462-1768611714114.jpg?fit=1200%2C674&ssl=1&resize=350%2C200 1x, https:\/\/i0.wp.com\/tvpnoticias.com.mx\/wp-content\/uploads\/2026\/01\/image_editor_output_image-637083462-1768611714114.jpg?fit=1200%2C674&ssl=1&resize=525%2C300 1.5x, https:\/\/i0.wp.com\/tvpnoticias.com.mx\/wp-content\/uploads\/2026\/01\/image_editor_output_image-637083462-1768611714114.jpg?fit=1200%2C674&ssl=1&resize=700%2C400 2x, https:\/\/i0.wp.com\/tvpnoticias.com.mx\/wp-content\/uploads\/2026\/01\/image_editor_output_image-637083462-1768611714114.jpg?fit=1200%2C674&ssl=1&resize=1050%2C600 3x"},"classes":[]}],"_links":{"self":[{"href":"https:\/\/tvpnoticias.com.mx\/index.php?rest_route=\/wp\/v2\/posts\/35084","targetHints":{"allow":["GET"]}}],"collection":[{"href":"https:\/\/tvpnoticias.com.mx\/index.php?rest_route=\/wp\/v2\/posts"}],"about":[{"href":"https:\/\/tvpnoticias.com.mx\/index.php?rest_route=\/wp\/v2\/types\/post"}],"author":[{"embeddable":true,"href":"https:\/\/tvpnoticias.com.mx\/index.php?rest_route=\/wp\/v2\/users\/232456897"}],"replies":[{"embeddable":true,"href":"https:\/\/tvpnoticias.com.mx\/index.php?rest_route=%2Fwp%2Fv2%2Fcomments&post=35084"}],"version-history":[{"count":0,"href":"https:\/\/tvpnoticias.com.mx\/index.php?rest_route=\/wp\/v2\/posts\/35084\/revisions"}],"wp:featuredmedia":[{"embeddable":true,"href":"https:\/\/tvpnoticias.com.mx\/index.php?rest_route=\/wp\/v2\/media\/35083"}],"wp:attachment":[{"href":"https:\/\/tvpnoticias.com.mx\/index.php?rest_route=%2Fwp%2Fv2%2Fmedia&parent=35084"}],"wp:term":[{"taxonomy":"category","embeddable":true,"href":"https:\/\/tvpnoticias.com.mx\/index.php?rest_route=%2Fwp%2Fv2%2Fcategories&post=35084"},{"taxonomy":"post_tag","embeddable":true,"href":"https:\/\/tvpnoticias.com.mx\/index.php?rest_route=%2Fwp%2Fv2%2Ftags&post=35084"}],"curies":[{"name":"wp","href":"https:\/\/api.w.org\/{rel}","templated":true}]}}