{"id":35078,"date":"2026-04-24T13:00:39","date_gmt":"2026-04-24T19:00:39","guid":{"rendered":"https:\/\/tvpnoticias.com.mx\/?p=35078"},"modified":"2026-04-24T13:00:39","modified_gmt":"2026-04-24T19:00:39","slug":"cuadrillas-de-obras-publicas-intensifican-bacheo-en-colonias","status":"publish","type":"post","link":"https:\/\/tvpnoticias.com.mx\/?p=35078","title":{"rendered":"Cuadrillas de Obras P\u00fablicas intensifican bacheo en colonias"},"content":{"rendered":"\n<p class=\"wp-block-paragraph\"><br><br>Por instrucciones del presidente municipal, el Lic. Ra\u00fal Ortega Rodr\u00edguez, y bajo la coordinaci\u00f3n del Ing. Arturo Sandoval Zapata, titular de la Direcci\u00f3n de Obras P\u00fablicas, se contin\u00faa con el programa de bacheo en distintos sectores del municipio. <br><br>Debido a las recientes lluvias, diversas calles del municipio se vieron afectadas, por lo que estos trabajos se realizan para atender de manera oportuna las necesidades de la ciudadan\u00eda y mejorar la movilidad. <br><br>Ayer se iniciaron labores en la colonia FLORES MAG\u00d3N, y el d\u00eda de hoy se dio continuidad en calles como 16 DE SEPTIEMBRE, otra parte de FLORES MAG\u00d3N, \u00c1NGEL VERAL, as\u00ed como en otras vialidades. <br><br>Las acciones continuar\u00e1n la pr\u00f3xima semana y durante los d\u00edas siguientes, reforzando el compromiso de este gobierno con el bienestar de las y los matehualenses. <\/p>\n","protected":false},"excerpt":{"rendered":"<p>Por instrucciones del presidente municipal, el Lic. Ra\u00fal Ortega Rodr\u00edguez, y bajo la coordinaci\u00f3n del Ing. Arturo Sandoval Zapata, titular de la Direcci\u00f3n de Obras P\u00fablicas, se contin\u00faa con el programa de bacheo en distintos sectores del municipio. Debido a &hellip; <a href=\"https:\/\/tvpnoticias.com.mx\/?p=35078\" class=\"more-link\">Contin\u00faa leyendo <span class=\"screen-reader-text\">Cuadrillas de Obras P\u00fablicas intensifican bacheo en colonias<\/span><\/a><\/p>\n","protected":false},"author":232456897,"featured_media":35077,"comment_status":"open","ping_status":"open","sticky":false,"template":"","format":"standard","meta":{"_crdt_document":"","rop_custom_images_group":[],"rop_custom_messages_group":[],"rop_publish_now":"initial","rop_publish_now_accounts":{"facebook_8025747037436539_114477521595495":""},"rop_publish_now_history":[],"rop_publish_now_status":"pending","advanced_seo_description":"","jetpack_seo_html_title":"","jetpack_seo_noindex":false,"_jetpack_newsletter_access":"","_jetpack_dont_email_post_to_subs":false,"_jetpack_newsletter_tier_id":0,"_jetpack_memberships_contains_paywalled_content":false,"_jetpack_memberships_contains_paid_content":false,"footnotes":"","jetpack_publicize_message":"#Matehuala | Debido a las recientes lluvias, diversas calles del municipio se vieron afectadas, por lo que estos trabajos se realizan para atender de manera oportuna las necesidades de la ciudadan\u00eda y mejorar la movilidad\n\n#TVP #Noticias","jetpack_publicize_feature_enabled":true,"jetpack_social_post_already_shared":true,"jetpack_social_options":{"image_generator_settings":{"template":"highway","default_image_id":0,"font":"","enabled":false},"version":2},"_wpas_customize_per_network":false,"jetpack_post_was_ever_published":false},"categories":[27730,49001],"tags":[537048,29750],"class_list":{"0":"post-35078","1":"post","2":"type-post","3":"status-publish","4":"format-standard","5":"has-post-thumbnail","6":"hentry","7":"category-informacion-general","8":"category-locales","9":"tag-matehuala","10":"tag-portada","12":"fallback-thumbnail"},"jetpack_publicize_connections":[],"jetpack_featured_media_url":"https:\/\/i0.wp.com\/tvpnoticias.com.mx\/wp-content\/uploads\/2026\/04\/image_editor_output_image-60152846-1777056532375.jpg?fit=1440%2C810&ssl=1","jetpack_likes_enabled":false,"jetpack_sharing_enabled":true,"jetpack_shortlink":"https:\/\/wp.me\/peDonN-97M","jetpack-related-posts":[{"id":20351,"url":"https:\/\/tvpnoticias.com.mx\/?p=20351","url_meta":{"origin":35078,"position":0},"title":"Ra\u00fal Ortega inicia programa de bacheo para mejorar vialidades","author":"Gamaliel Rodr\u00edguez","date":"5 de diciembre de 2024","format":false,"excerpt":"El programa se llevar\u00e1 a cabo en etapas, priorizando las zonas con mayor deterioro y tr\u00e1nsito vehicular.","rel":"","context":"En \u00abInformaci\u00f3n General\u00bb","block_context":{"text":"Informaci\u00f3n General","link":"https:\/\/tvpnoticias.com.mx\/?cat=27730"},"img":{"alt_text":"","src":"https:\/\/i0.wp.com\/tvpnoticias.com.mx\/wp-content\/uploads\/2024\/12\/image_editor_output_image14099087-1733431003075.jpg?fit=1200%2C608&ssl=1&resize=350%2C200","width":350,"height":200,"srcset":"https:\/\/i0.wp.com\/tvpnoticias.com.mx\/wp-content\/uploads\/2024\/12\/image_editor_output_image14099087-1733431003075.jpg?fit=1200%2C608&ssl=1&resize=350%2C200 1x, https:\/\/i0.wp.com\/tvpnoticias.com.mx\/wp-content\/uploads\/2024\/12\/image_editor_output_image14099087-1733431003075.jpg?fit=1200%2C608&ssl=1&resize=525%2C300 1.5x, https:\/\/i0.wp.com\/tvpnoticias.com.mx\/wp-content\/uploads\/2024\/12\/image_editor_output_image14099087-1733431003075.jpg?fit=1200%2C608&ssl=1&resize=700%2C400 2x, https:\/\/i0.wp.com\/tvpnoticias.com.mx\/wp-content\/uploads\/2024\/12\/image_editor_output_image14099087-1733431003075.jpg?fit=1200%2C608&ssl=1&resize=1050%2C600 3x"},"classes":[]},{"id":33568,"url":"https:\/\/tvpnoticias.com.mx\/?p=33568","url_meta":{"origin":35078,"position":1},"title":"Ricardo Gallardo enchula la colonia Las Pilitas","author":"Gamaliel Rodr\u00edguez","date":"4 de marzo de 2026","format":false,"excerpt":"* El Gobernador de San Luis Potos\u00ed impulsa sin l\u00edmites la rehabilitaci\u00f3n de \u00e1reas comunes, bacheo de calles, limpieza de \u00e1reas verdes y refuerza la seguridad p\u00fablica.Ricardo Gallardo Cardona, Gobernador de San Luis Potos\u00ed, llev\u00f3 el programa \u201cEnch\u00falame la Colonia\u201d a Las Pilitas, en donde se har\u00e1n diversas labores de\u2026","rel":"","context":"En \u00abEstado\u00bb","block_context":{"text":"Estado","link":"https:\/\/tvpnoticias.com.mx\/?cat=537396"},"img":{"alt_text":"","src":"https:\/\/i0.wp.com\/tvpnoticias.com.mx\/wp-content\/uploads\/2026\/03\/image_editor_output_image-1829631282-1772590687838.png?fit=1200%2C675&ssl=1&resize=350%2C200","width":350,"height":200,"srcset":"https:\/\/i0.wp.com\/tvpnoticias.com.mx\/wp-content\/uploads\/2026\/03\/image_editor_output_image-1829631282-1772590687838.png?fit=1200%2C675&ssl=1&resize=350%2C200 1x, https:\/\/i0.wp.com\/tvpnoticias.com.mx\/wp-content\/uploads\/2026\/03\/image_editor_output_image-1829631282-1772590687838.png?fit=1200%2C675&ssl=1&resize=525%2C300 1.5x, https:\/\/i0.wp.com\/tvpnoticias.com.mx\/wp-content\/uploads\/2026\/03\/image_editor_output_image-1829631282-1772590687838.png?fit=1200%2C675&ssl=1&resize=700%2C400 2x, https:\/\/i0.wp.com\/tvpnoticias.com.mx\/wp-content\/uploads\/2026\/03\/image_editor_output_image-1829631282-1772590687838.png?fit=1200%2C675&ssl=1&resize=1050%2C600 3x"},"classes":[]},{"id":27981,"url":"https:\/\/tvpnoticias.com.mx\/?p=27981","url_meta":{"origin":35078,"position":2},"title":"Ayuntamiento de Charcas trabaja en reparaci\u00f3n de baches","author":"Gamaliel Rodr\u00edguez","date":"12 de agosto de 2025","format":false,"excerpt":"El H. Ayuntamiento de Charcas, a trav\u00e9s de la Direcci\u00f3n de Obras P\u00fablicas y Servicios Municipales, contin\u00faa con las labores de rehabilitaci\u00f3n y bacheo en diversas calles del municipio, con el objetivo de mejorar la movilidad y seguridad vial para todos los habitantes.Las cuadrillas municipales se encuentran atendiendo las vialidades\u2026","rel":"","context":"En \u00abInformaci\u00f3n General\u00bb","block_context":{"text":"Informaci\u00f3n General","link":"https:\/\/tvpnoticias.com.mx\/?cat=27730"},"img":{"alt_text":"","src":"https:\/\/i0.wp.com\/tvpnoticias.com.mx\/wp-content\/uploads\/2025\/08\/image_editor_output_image-1390699282-1755047399501.jpg?fit=1200%2C674&ssl=1&resize=350%2C200","width":350,"height":200,"srcset":"https:\/\/i0.wp.com\/tvpnoticias.com.mx\/wp-content\/uploads\/2025\/08\/image_editor_output_image-1390699282-1755047399501.jpg?fit=1200%2C674&ssl=1&resize=350%2C200 1x, https:\/\/i0.wp.com\/tvpnoticias.com.mx\/wp-content\/uploads\/2025\/08\/image_editor_output_image-1390699282-1755047399501.jpg?fit=1200%2C674&ssl=1&resize=525%2C300 1.5x, https:\/\/i0.wp.com\/tvpnoticias.com.mx\/wp-content\/uploads\/2025\/08\/image_editor_output_image-1390699282-1755047399501.jpg?fit=1200%2C674&ssl=1&resize=700%2C400 2x, https:\/\/i0.wp.com\/tvpnoticias.com.mx\/wp-content\/uploads\/2025\/08\/image_editor_output_image-1390699282-1755047399501.jpg?fit=1200%2C674&ssl=1&resize=1050%2C600 3x"},"classes":[]},{"id":27017,"url":"https:\/\/tvpnoticias.com.mx\/?p=27017","url_meta":{"origin":35078,"position":3},"title":"Contin\u00faan trabajos de bacheo en diferentes sectores de Matehuala","author":"Gamaliel Rodr\u00edguez","date":"10 de julio de 2025","format":false,"excerpt":"El Gobierno Municipal de Matehuala, que encabeza el presidente Ra\u00fal Ortega Rodr\u00edguez, mantiene activos los trabajos de bacheo en diversas calles de la ciudad, a trav\u00e9s del Departamento de Obras P\u00fablicas.Estas acciones forman parte de un esfuerzo continuo para mejorar la infraestructura vial, principalmente en aquellas zonas que se han\u2026","rel":"","context":"En \u00abInformaci\u00f3n General\u00bb","block_context":{"text":"Informaci\u00f3n General","link":"https:\/\/tvpnoticias.com.mx\/?cat=27730"},"img":{"alt_text":"","src":"https:\/\/i0.wp.com\/tvpnoticias.com.mx\/wp-content\/uploads\/2025\/07\/image_editor_output_image180911622-1752087341152.jpg?fit=1200%2C674&ssl=1&resize=350%2C200","width":350,"height":200,"srcset":"https:\/\/i0.wp.com\/tvpnoticias.com.mx\/wp-content\/uploads\/2025\/07\/image_editor_output_image180911622-1752087341152.jpg?fit=1200%2C674&ssl=1&resize=350%2C200 1x, https:\/\/i0.wp.com\/tvpnoticias.com.mx\/wp-content\/uploads\/2025\/07\/image_editor_output_image180911622-1752087341152.jpg?fit=1200%2C674&ssl=1&resize=525%2C300 1.5x, https:\/\/i0.wp.com\/tvpnoticias.com.mx\/wp-content\/uploads\/2025\/07\/image_editor_output_image180911622-1752087341152.jpg?fit=1200%2C674&ssl=1&resize=700%2C400 2x, https:\/\/i0.wp.com\/tvpnoticias.com.mx\/wp-content\/uploads\/2025\/07\/image_editor_output_image180911622-1752087341152.jpg?fit=1200%2C674&ssl=1&resize=1050%2C600 3x"},"classes":[]},{"id":22703,"url":"https:\/\/tvpnoticias.com.mx\/?p=22703","url_meta":{"origin":35078,"position":4},"title":"Ra\u00fal Ortega gestiona pavimentaci\u00f3n, rehabilitaci\u00f3n y bacheo para Matehuala","author":"Gamaliel Rodr\u00edguez","date":"17 de febrero de 2025","format":false,"excerpt":"El alcalde expuso la necesidad de mejorar la infraestructura vial, priorizando la seguridad y el bienestar de los ciudadanos, as\u00ed como optimizar las condiciones de tr\u00e1nsito en las principales vialidades del municipio.","rel":"","context":"En \u00abInformaci\u00f3n General\u00bb","block_context":{"text":"Informaci\u00f3n General","link":"https:\/\/tvpnoticias.com.mx\/?cat=27730"},"img":{"alt_text":"","src":"https:\/\/i0.wp.com\/tvpnoticias.com.mx\/wp-content\/uploads\/2025\/02\/image_editor_output_image-2035530384-1739825126961.jpg?fit=1200%2C571&ssl=1&resize=350%2C200","width":350,"height":200,"srcset":"https:\/\/i0.wp.com\/tvpnoticias.com.mx\/wp-content\/uploads\/2025\/02\/image_editor_output_image-2035530384-1739825126961.jpg?fit=1200%2C571&ssl=1&resize=350%2C200 1x, https:\/\/i0.wp.com\/tvpnoticias.com.mx\/wp-content\/uploads\/2025\/02\/image_editor_output_image-2035530384-1739825126961.jpg?fit=1200%2C571&ssl=1&resize=525%2C300 1.5x, https:\/\/i0.wp.com\/tvpnoticias.com.mx\/wp-content\/uploads\/2025\/02\/image_editor_output_image-2035530384-1739825126961.jpg?fit=1200%2C571&ssl=1&resize=700%2C400 2x, https:\/\/i0.wp.com\/tvpnoticias.com.mx\/wp-content\/uploads\/2025\/02\/image_editor_output_image-2035530384-1739825126961.jpg?fit=1200%2C571&ssl=1&resize=1050%2C600 3x"},"classes":[]},{"id":20266,"url":"https:\/\/tvpnoticias.com.mx\/?p=20266","url_meta":{"origin":35078,"position":5},"title":"Inicia rehabilitaci\u00f3n de luminarias y banquetas en el centro de Cedral","author":"Gamaliel Rodr\u00edguez","date":"3 de diciembre de 2024","format":false,"excerpt":"La presidenta municipal destac\u00f3 la importancia de esta obra para fortalecer el desarrollo del municipio.","rel":"","context":"En \u00abInformaci\u00f3n General\u00bb","block_context":{"text":"Informaci\u00f3n General","link":"https:\/\/tvpnoticias.com.mx\/?cat=27730"},"img":{"alt_text":"","src":"https:\/\/i0.wp.com\/tvpnoticias.com.mx\/wp-content\/uploads\/2024\/12\/image_editor_output_image19299225-1733263709601.jpg?fit=1200%2C674&ssl=1&resize=350%2C200","width":350,"height":200,"srcset":"https:\/\/i0.wp.com\/tvpnoticias.com.mx\/wp-content\/uploads\/2024\/12\/image_editor_output_image19299225-1733263709601.jpg?fit=1200%2C674&ssl=1&resize=350%2C200 1x, https:\/\/i0.wp.com\/tvpnoticias.com.mx\/wp-content\/uploads\/2024\/12\/image_editor_output_image19299225-1733263709601.jpg?fit=1200%2C674&ssl=1&resize=525%2C300 1.5x, https:\/\/i0.wp.com\/tvpnoticias.com.mx\/wp-content\/uploads\/2024\/12\/image_editor_output_image19299225-1733263709601.jpg?fit=1200%2C674&ssl=1&resize=700%2C400 2x, https:\/\/i0.wp.com\/tvpnoticias.com.mx\/wp-content\/uploads\/2024\/12\/image_editor_output_image19299225-1733263709601.jpg?fit=1200%2C674&ssl=1&resize=1050%2C600 3x"},"classes":[]}],"_links":{"self":[{"href":"https:\/\/tvpnoticias.com.mx\/index.php?rest_route=\/wp\/v2\/posts\/35078","targetHints":{"allow":["GET"]}}],"collection":[{"href":"https:\/\/tvpnoticias.com.mx\/index.php?rest_route=\/wp\/v2\/posts"}],"about":[{"href":"https:\/\/tvpnoticias.com.mx\/index.php?rest_route=\/wp\/v2\/types\/post"}],"author":[{"embeddable":true,"href":"https:\/\/tvpnoticias.com.mx\/index.php?rest_route=\/wp\/v2\/users\/232456897"}],"replies":[{"embeddable":true,"href":"https:\/\/tvpnoticias.com.mx\/index.php?rest_route=%2Fwp%2Fv2%2Fcomments&post=35078"}],"version-history":[{"count":1,"href":"https:\/\/tvpnoticias.com.mx\/index.php?rest_route=\/wp\/v2\/posts\/35078\/revisions"}],"predecessor-version":[{"id":35079,"href":"https:\/\/tvpnoticias.com.mx\/index.php?rest_route=\/wp\/v2\/posts\/35078\/revisions\/35079"}],"wp:featuredmedia":[{"embeddable":true,"href":"https:\/\/tvpnoticias.com.mx\/index.php?rest_route=\/wp\/v2\/media\/35077"}],"wp:attachment":[{"href":"https:\/\/tvpnoticias.com.mx\/index.php?rest_route=%2Fwp%2Fv2%2Fmedia&parent=35078"}],"wp:term":[{"taxonomy":"category","embeddable":true,"href":"https:\/\/tvpnoticias.com.mx\/index.php?rest_route=%2Fwp%2Fv2%2Fcategories&post=35078"},{"taxonomy":"post_tag","embeddable":true,"href":"https:\/\/tvpnoticias.com.mx\/index.php?rest_route=%2Fwp%2Fv2%2Ftags&post=35078"}],"curies":[{"name":"wp","href":"https:\/\/api.w.org\/{rel}","templated":true}]}}