{"id":35067,"date":"2026-04-24T17:00:13","date_gmt":"2026-04-24T23:00:13","guid":{"rendered":"https:\/\/tvpnoticias.com.mx\/?p=35067"},"modified":"2026-04-24T17:00:13","modified_gmt":"2026-04-24T23:00:13","slug":"exposicion-de-pintura-destacara-talento-local-en-matehuala","status":"publish","type":"post","link":"https:\/\/tvpnoticias.com.mx\/?p=35067","title":{"rendered":"Exposici\u00f3n de pintura destacar\u00e1 talento local en Matehuala"},"content":{"rendered":"\n<p class=\"wp-block-paragraph\"><br>El Gobierno Municipal de Matehuala, a trav\u00e9s de la Direcci\u00f3n de Fomento Cultural, invita a la ciudadan\u00eda a disfrutar de una exposici\u00f3n colectiva de pintura, resultado del curso-taller impartido por el reconocido artista saltillense Ferret.<br><br>El titular de la Direcci\u00f3n de Fomento Cultural, Ascenci\u00f3n Hern\u00e1ndez Elizalde, dio a conocer que este evento se llevar\u00e1 a cabo el pr\u00f3ximo domingo 26 de abril a las 12:00 del mediod\u00eda, en el Museo de las Culturas, donde se exhibir\u00e1n las obras realizadas por alumnas y alumnos participantes.<br><br>Como parte especial de esta actividad, el artista realizar\u00e1 la donaci\u00f3n de una obra pict\u00f3rica alusiva a Matehuala, la cual se integrar\u00e1 al acervo cultural del municipio, fortaleciendo el patrimonio art\u00edstico local.<br><br>Cabe destacar que previamente se lanz\u00f3 una convocatoria para proponer tem\u00e1ticas representativas de Matehuala, dejando en libertad al autor la elecci\u00f3n de la obra, por lo que su contenido ser\u00e1 revelado durante el evento.<br><br>Esta actividad impulsa el talento local y promueve el arte como un elemento que fortalece la identidad cultural de nuestra comunidad.<br><br>La invitaci\u00f3n est\u00e1 abierta a toda la ciudadan\u00eda para que asista y forme parte de esta experiencia art\u00edstica.<br><br><\/p>\n","protected":false},"excerpt":{"rendered":"<p>El Gobierno Municipal de Matehuala, a trav\u00e9s de la Direcci\u00f3n de Fomento Cultural, invita a la ciudadan\u00eda a disfrutar de una exposici\u00f3n colectiva de pintura, resultado del curso-taller impartido por el reconocido artista saltillense Ferret. El titular de la Direcci\u00f3n &hellip; <a href=\"https:\/\/tvpnoticias.com.mx\/?p=35067\" class=\"more-link\">Contin\u00faa leyendo <span class=\"screen-reader-text\">Exposici\u00f3n de pintura destacar\u00e1 talento local en Matehuala<\/span><\/a><\/p>\n","protected":false},"author":232456897,"featured_media":35066,"comment_status":"open","ping_status":"open","sticky":false,"template":"","format":"standard","meta":{"_crdt_document":"","rop_custom_images_group":[],"rop_custom_messages_group":[],"rop_publish_now":"initial","rop_publish_now_accounts":{"facebook_8025747037436539_114477521595495":""},"rop_publish_now_history":[],"rop_publish_now_status":"pending","advanced_seo_description":"","jetpack_seo_html_title":"","jetpack_seo_noindex":false,"_jetpack_newsletter_access":"","_jetpack_dont_email_post_to_subs":false,"_jetpack_newsletter_tier_id":0,"_jetpack_memberships_contains_paywalled_content":false,"_jetpack_memberships_contains_paid_content":false,"footnotes":"","jetpack_publicize_message":"#Matehuala | Este evento se llevar\u00e1 a cabo el pr\u00f3ximo domingo 26 de abril a las 12:00 del mediod\u00eda, en el Museo de las Culturas\n\n#TVP #Noticias #ElPoderDeLaInformaci\u00f3n","jetpack_publicize_feature_enabled":true,"jetpack_social_post_already_shared":true,"jetpack_social_options":{"image_generator_settings":{"template":"highway","default_image_id":0,"font":"","enabled":false},"version":2},"_wpas_customize_per_network":false,"jetpack_post_was_ever_published":false},"categories":[537184,27730,49001],"tags":[537246,537048,29750],"class_list":{"0":"post-35067","1":"post","2":"type-post","3":"status-publish","4":"format-standard","5":"has-post-thumbnail","6":"hentry","7":"category-cultura","8":"category-informacion-general","9":"category-locales","10":"tag-arte","11":"tag-matehuala","12":"tag-portada","14":"fallback-thumbnail"},"jetpack_publicize_connections":[],"jetpack_featured_media_url":"https:\/\/i0.wp.com\/tvpnoticias.com.mx\/wp-content\/uploads\/2026\/04\/image_editor_output_image45500860-1777044214356.jpg?fit=1600%2C900&ssl=1","jetpack_likes_enabled":false,"jetpack_sharing_enabled":true,"jetpack_shortlink":"https:\/\/wp.me\/peDonN-97B","jetpack-related-posts":[{"id":9719,"url":"https:\/\/tvpnoticias.com.mx\/?p=9719","url_meta":{"origin":35067,"position":0},"title":"Fomento Cultural invita a la Exposici\u00f3n del Congreso Constituyente","author":"Gamaliel Rodr\u00edguez","date":"12 de febrero de 2024","format":false,"excerpt":"Con el objetivo de difundir y reconocer a los artistas y pintores matehualanses el gobierno municipal de Matehuala a trav\u00e9s de Fomento Cultural, invita a la ciudadan\u00eda, as\u00ed como a las instituciones educativas a las visitas guiadas en el museo de las culturas sobre obras de arte y pintura realizadas\u2026","rel":"","context":"En \u00abInformaci\u00f3n General\u00bb","block_context":{"text":"Informaci\u00f3n General","link":"https:\/\/tvpnoticias.com.mx\/?cat=27730"},"img":{"alt_text":"","src":"https:\/\/i0.wp.com\/tvpnoticias.com.mx\/wp-content\/uploads\/2024\/02\/FB_IMG_1707770859245.jpg?fit=1080%2C778&ssl=1&resize=350%2C200","width":350,"height":200,"srcset":"https:\/\/i0.wp.com\/tvpnoticias.com.mx\/wp-content\/uploads\/2024\/02\/FB_IMG_1707770859245.jpg?fit=1080%2C778&ssl=1&resize=350%2C200 1x, https:\/\/i0.wp.com\/tvpnoticias.com.mx\/wp-content\/uploads\/2024\/02\/FB_IMG_1707770859245.jpg?fit=1080%2C778&ssl=1&resize=525%2C300 1.5x, https:\/\/i0.wp.com\/tvpnoticias.com.mx\/wp-content\/uploads\/2024\/02\/FB_IMG_1707770859245.jpg?fit=1080%2C778&ssl=1&resize=700%2C400 2x, https:\/\/i0.wp.com\/tvpnoticias.com.mx\/wp-content\/uploads\/2024\/02\/FB_IMG_1707770859245.jpg?fit=1080%2C778&ssl=1&resize=1050%2C600 3x"},"classes":[]},{"id":26654,"url":"https:\/\/tvpnoticias.com.mx\/?p=26654","url_meta":{"origin":35067,"position":1},"title":"Inicia en julio el 3er Festival Arte Altiplano en Matehuala","author":"Gamaliel Rodr\u00edguez","date":"27 de junio de 2025","format":false,"excerpt":"Del 7 de julio al 6 de agosto de 2025, la Casa de Cultura Arte Altiplano celebrar\u00e1 su 3er Festival de Verano, con una cartelera repleta de actividades art\u00edsticas y culturales gratuitas que incluyen exposiciones, m\u00fasica, danza y teatro.El festival arrancar\u00e1 el 7 de julio con una gala inaugural, exposici\u00f3n\u2026","rel":"","context":"En \u00abInformaci\u00f3n General\u00bb","block_context":{"text":"Informaci\u00f3n General","link":"https:\/\/tvpnoticias.com.mx\/?cat=27730"},"img":{"alt_text":"","src":"https:\/\/i0.wp.com\/tvpnoticias.com.mx\/wp-content\/uploads\/2025\/06\/image_editor_output_image954979113-1751001409211.png?fit=1200%2C675&ssl=1&resize=350%2C200","width":350,"height":200,"srcset":"https:\/\/i0.wp.com\/tvpnoticias.com.mx\/wp-content\/uploads\/2025\/06\/image_editor_output_image954979113-1751001409211.png?fit=1200%2C675&ssl=1&resize=350%2C200 1x, https:\/\/i0.wp.com\/tvpnoticias.com.mx\/wp-content\/uploads\/2025\/06\/image_editor_output_image954979113-1751001409211.png?fit=1200%2C675&ssl=1&resize=525%2C300 1.5x, https:\/\/i0.wp.com\/tvpnoticias.com.mx\/wp-content\/uploads\/2025\/06\/image_editor_output_image954979113-1751001409211.png?fit=1200%2C675&ssl=1&resize=700%2C400 2x, https:\/\/i0.wp.com\/tvpnoticias.com.mx\/wp-content\/uploads\/2025\/06\/image_editor_output_image954979113-1751001409211.png?fit=1200%2C675&ssl=1&resize=1050%2C600 3x"},"classes":[]},{"id":35144,"url":"https:\/\/tvpnoticias.com.mx\/?p=35144","url_meta":{"origin":35067,"position":2},"title":"Ra\u00fal Ortega impulsa el arte local con la exposici\u00f3n \u00abVinorela Colectiva\u00bb","author":"Gamaliel Rodr\u00edguez","date":"27 de abril de 2026","format":false,"excerpt":"Con el objetivo de seguir promoviendo el arte y la cultura en el municipio, el Gobierno de Matehuala, encabezado por el Lic. Ra\u00fal Ortega Rodr\u00edguez, present\u00f3 la exposici\u00f3n pict\u00f3rica \u201cVinorela Colectiva\u201d en el Museo de las Culturas.Esta muestra es el resultado de un taller gratuito donde las y los participantes\u2026","rel":"","context":"En \u00abArte y Cultura\u00bb","block_context":{"text":"Arte y Cultura","link":"https:\/\/tvpnoticias.com.mx\/?cat=537184"},"img":{"alt_text":"","src":"https:\/\/i0.wp.com\/tvpnoticias.com.mx\/wp-content\/uploads\/2026\/04\/image_editor_output_image361025206-1777318929157.png?fit=1200%2C675&ssl=1&resize=350%2C200","width":350,"height":200,"srcset":"https:\/\/i0.wp.com\/tvpnoticias.com.mx\/wp-content\/uploads\/2026\/04\/image_editor_output_image361025206-1777318929157.png?fit=1200%2C675&ssl=1&resize=350%2C200 1x, https:\/\/i0.wp.com\/tvpnoticias.com.mx\/wp-content\/uploads\/2026\/04\/image_editor_output_image361025206-1777318929157.png?fit=1200%2C675&ssl=1&resize=525%2C300 1.5x, https:\/\/i0.wp.com\/tvpnoticias.com.mx\/wp-content\/uploads\/2026\/04\/image_editor_output_image361025206-1777318929157.png?fit=1200%2C675&ssl=1&resize=700%2C400 2x, https:\/\/i0.wp.com\/tvpnoticias.com.mx\/wp-content\/uploads\/2026\/04\/image_editor_output_image361025206-1777318929157.png?fit=1200%2C675&ssl=1&resize=1050%2C600 3x"},"classes":[]},{"id":22652,"url":"https:\/\/tvpnoticias.com.mx\/?p=22652","url_meta":{"origin":35067,"position":3},"title":"El Gobierno Municipal de Matehuala llevar\u00e1 talleres culturales al sector oriente","author":"Gamaliel Rodr\u00edguez","date":"15 de febrero de 2025","format":false,"excerpt":"Las actividades incluir\u00e1n talleres de manualidades, pintura, ajedrez, break dance y guitarra, fomentando as\u00ed el desarrollo art\u00edstico y creativo de los participantes.","rel":"","context":"En \u00abArte y Cultura\u00bb","block_context":{"text":"Arte y Cultura","link":"https:\/\/tvpnoticias.com.mx\/?cat=537184"},"img":{"alt_text":"","src":"https:\/\/i0.wp.com\/tvpnoticias.com.mx\/wp-content\/uploads\/2025\/02\/image_editor_output_image2000930486-1739580274873.jpg?fit=1200%2C674&ssl=1&resize=350%2C200","width":350,"height":200,"srcset":"https:\/\/i0.wp.com\/tvpnoticias.com.mx\/wp-content\/uploads\/2025\/02\/image_editor_output_image2000930486-1739580274873.jpg?fit=1200%2C674&ssl=1&resize=350%2C200 1x, https:\/\/i0.wp.com\/tvpnoticias.com.mx\/wp-content\/uploads\/2025\/02\/image_editor_output_image2000930486-1739580274873.jpg?fit=1200%2C674&ssl=1&resize=525%2C300 1.5x, https:\/\/i0.wp.com\/tvpnoticias.com.mx\/wp-content\/uploads\/2025\/02\/image_editor_output_image2000930486-1739580274873.jpg?fit=1200%2C674&ssl=1&resize=700%2C400 2x, https:\/\/i0.wp.com\/tvpnoticias.com.mx\/wp-content\/uploads\/2025\/02\/image_editor_output_image2000930486-1739580274873.jpg?fit=1200%2C674&ssl=1&resize=1050%2C600 3x"},"classes":[]},{"id":980,"url":"https:\/\/tvpnoticias.com.mx\/?p=980","url_meta":{"origin":35067,"position":4},"title":"Yuri Rodr\u00edguez y Antonio Gonz\u00e1lez exponen obras en el Museo de las Culturas","author":"tvpnoticias","date":"17 de mayo de 2023","format":false,"excerpt":"La Direcci\u00f3n de Fomento Cultural de Matehuala present\u00f3 dos exposiciones de grandes artistas pl\u00e1sticos en el museo de las Culturas, en donde expusieron sus mejores pinturas que le han dado vida y valor al arte pl\u00e1stico a nivel internacional. La exposici\u00f3n de Arte Naif, de la autor\u00eda de Yuri Rodr\u00edguez\u2026","rel":"","context":"En \u00abArte y Cultura\u00bb","block_context":{"text":"Arte y Cultura","link":"https:\/\/tvpnoticias.com.mx\/?cat=537184"},"img":{"alt_text":"","src":"https:\/\/i0.wp.com\/tvpnoticias.com.mx\/wp-content\/uploads\/2023\/05\/Unknown-23.jpeg?fit=1024%2C768&ssl=1&resize=350%2C200","width":350,"height":200,"srcset":"https:\/\/i0.wp.com\/tvpnoticias.com.mx\/wp-content\/uploads\/2023\/05\/Unknown-23.jpeg?fit=1024%2C768&ssl=1&resize=350%2C200 1x, https:\/\/i0.wp.com\/tvpnoticias.com.mx\/wp-content\/uploads\/2023\/05\/Unknown-23.jpeg?fit=1024%2C768&ssl=1&resize=525%2C300 1.5x, https:\/\/i0.wp.com\/tvpnoticias.com.mx\/wp-content\/uploads\/2023\/05\/Unknown-23.jpeg?fit=1024%2C768&ssl=1&resize=700%2C400 2x"},"classes":[]},{"id":23330,"url":"https:\/\/tvpnoticias.com.mx\/?p=23330","url_meta":{"origin":35067,"position":5},"title":"Danza y m\u00fasica en el inicio del Festival Juarista","author":"Gamaliel Rodr\u00edguez","date":"7 de marzo de 2025","format":false,"excerpt":"Este s\u00e1bado 8 de marzo , por la tarde, iniciar\u00e1n las actividades, art\u00edsticas, c\u00edvicas y culturales, del Segundo Festival Juarista, que organiza la Logia Mas\u00f3nica, \"Luz de Matehuala No. 12, que se llevar\u00e1n a cabo, durante el mes de marzo. En el Centro Cultural, se presentar\u00e1 un evento de danza\u2026","rel":"","context":"En \u00abInformaci\u00f3n General\u00bb","block_context":{"text":"Informaci\u00f3n General","link":"https:\/\/tvpnoticias.com.mx\/?cat=27730"},"img":{"alt_text":"","src":"https:\/\/i0.wp.com\/tvpnoticias.com.mx\/wp-content\/uploads\/2025\/03\/image_editor_output_image1207124357-1741370715685.jpg?fit=619%2C217&ssl=1&resize=350%2C200","width":350,"height":200,"srcset":"https:\/\/i0.wp.com\/tvpnoticias.com.mx\/wp-content\/uploads\/2025\/03\/image_editor_output_image1207124357-1741370715685.jpg?fit=619%2C217&ssl=1&resize=350%2C200 1x, https:\/\/i0.wp.com\/tvpnoticias.com.mx\/wp-content\/uploads\/2025\/03\/image_editor_output_image1207124357-1741370715685.jpg?fit=619%2C217&ssl=1&resize=525%2C300 1.5x"},"classes":[]}],"_links":{"self":[{"href":"https:\/\/tvpnoticias.com.mx\/index.php?rest_route=\/wp\/v2\/posts\/35067","targetHints":{"allow":["GET"]}}],"collection":[{"href":"https:\/\/tvpnoticias.com.mx\/index.php?rest_route=\/wp\/v2\/posts"}],"about":[{"href":"https:\/\/tvpnoticias.com.mx\/index.php?rest_route=\/wp\/v2\/types\/post"}],"author":[{"embeddable":true,"href":"https:\/\/tvpnoticias.com.mx\/index.php?rest_route=\/wp\/v2\/users\/232456897"}],"replies":[{"embeddable":true,"href":"https:\/\/tvpnoticias.com.mx\/index.php?rest_route=%2Fwp%2Fv2%2Fcomments&post=35067"}],"version-history":[{"count":1,"href":"https:\/\/tvpnoticias.com.mx\/index.php?rest_route=\/wp\/v2\/posts\/35067\/revisions"}],"predecessor-version":[{"id":35085,"href":"https:\/\/tvpnoticias.com.mx\/index.php?rest_route=\/wp\/v2\/posts\/35067\/revisions\/35085"}],"wp:featuredmedia":[{"embeddable":true,"href":"https:\/\/tvpnoticias.com.mx\/index.php?rest_route=\/wp\/v2\/media\/35066"}],"wp:attachment":[{"href":"https:\/\/tvpnoticias.com.mx\/index.php?rest_route=%2Fwp%2Fv2%2Fmedia&parent=35067"}],"wp:term":[{"taxonomy":"category","embeddable":true,"href":"https:\/\/tvpnoticias.com.mx\/index.php?rest_route=%2Fwp%2Fv2%2Fcategories&post=35067"},{"taxonomy":"post_tag","embeddable":true,"href":"https:\/\/tvpnoticias.com.mx\/index.php?rest_route=%2Fwp%2Fv2%2Ftags&post=35067"}],"curies":[{"name":"wp","href":"https:\/\/api.w.org\/{rel}","templated":true}]}}