{"id":35056,"date":"2026-04-23T14:00:40","date_gmt":"2026-04-23T20:00:40","guid":{"rendered":"https:\/\/tvpnoticias.com.mx\/?p=35056"},"modified":"2026-04-23T14:00:40","modified_gmt":"2026-04-23T20:00:40","slug":"feria-del-empleo-genera-nuevas-oportunidades-para-matehualalenses","status":"publish","type":"post","link":"https:\/\/tvpnoticias.com.mx\/?p=35056","title":{"rendered":"Feria del empleo genera nuevas oportunidades para matehualalenses"},"content":{"rendered":"\n<p class=\"wp-block-paragraph\"><br><br>Con la participaci\u00f3n de autoridades de los tres niveles de gobierno, empresas e instituciones, se llev\u00f3 a cabo la Feria de Empleo Matehuala 2026, un espacio que reuni\u00f3 a buscadores de trabajo y empleadores con el objetivo de generar nuevas oportunidades laborales para las y los matehualenses.<br><br>En representaci\u00f3n del presidente municipal, Lic. Ra\u00fal Ortega Rodr\u00edguez, acudi\u00f3 el secretario general del Ayuntamiento, Lic. Pablo Arriaga Castillo, quien destac\u00f3 la importancia de seguir impulsando acciones que fortalezcan el empleo y mejoren la calidad de vida de las familias.<br><br>Durante el evento, el director de Fomento Industrial y Desarrollo Econ\u00f3mico, Lic. Juan Carlos Vel\u00e1zquez Hern\u00e1ndez, subray\u00f3 que esta feria es resultado del trabajo coordinado entre el municipio y la Secretar\u00eda del Trabajo y Previsi\u00f3n Social, acercando vacantes reales a la ciudadan\u00eda y fortaleciendo el talento local.<br><br>En esta jornada participaron diversas empresas de la regi\u00f3n, as\u00ed como instituciones como el Servicio Nacional de Empleo, IMSS, ICAT, CANACO, COPARMEX y programas de apoyo a j\u00f3venes, ofertando cerca de 300 vacantes en distintos sectores.<br><br>Por su parte, la titular de la Instancia Municipal de la Mujer, Lic. Sarah\u00ed Rodr\u00edguez Mart\u00ednez, resalt\u00f3 la importancia de seguir abriendo espacios para que m\u00e1s mujeres accedan al empleo formal, reconociendo su papel fundamental en el desarrollo econ\u00f3mico y social.<br><br>La feria no solo represent\u00f3 un punto de encuentro laboral, sino una oportunidad para que cientos de personas den un paso hacia un mejor futuro, conectando su talento con nuevas oportunidades.<br><br>Con la declaratoria inaugural, autoridades reiteraron su compromiso de seguir trabajando en la generaci\u00f3n de empleo y en el impulso al desarrollo econ\u00f3mico de Matehuala.<br><br>El Gobierno Municipal invita a la ciudadan\u00eda a mantenerse atenta a pr\u00f3ximas convocatorias y programas que contin\u00faan acercando oportunidades para todas y todos.<br><br><\/p>\n","protected":false},"excerpt":{"rendered":"<p>Con la participaci\u00f3n de autoridades de los tres niveles de gobierno, empresas e instituciones, se llev\u00f3 a cabo la Feria de Empleo Matehuala 2026, un espacio que reuni\u00f3 a buscadores de trabajo y empleadores con el objetivo de generar nuevas &hellip; <a href=\"https:\/\/tvpnoticias.com.mx\/?p=35056\" class=\"more-link\">Contin\u00faa leyendo <span class=\"screen-reader-text\">Feria del empleo genera nuevas oportunidades para matehualalenses<\/span><\/a><\/p>\n","protected":false},"author":232456897,"featured_media":35055,"comment_status":"open","ping_status":"open","sticky":false,"template":"","format":"standard","meta":{"_crdt_document":"","rop_custom_images_group":[],"rop_custom_messages_group":[],"rop_publish_now":"initial","rop_publish_now_accounts":{"facebook_8025747037436539_114477521595495":""},"rop_publish_now_history":[],"rop_publish_now_status":"pending","advanced_seo_description":"","jetpack_seo_html_title":"","jetpack_seo_noindex":false,"_jetpack_newsletter_access":"","_jetpack_dont_email_post_to_subs":false,"_jetpack_newsletter_tier_id":0,"_jetpack_memberships_contains_paywalled_content":false,"_jetpack_memberships_contains_paid_content":false,"footnotes":"","jetpack_publicize_message":"#Matehuala | La feria no solo represent\u00f3 un punto de encuentro laboral, sino una oportunidad para que cientos de personas den un paso hacia un mejor futuro, conectando su talento con nuevas oportunidades\n\n#TVP #Noticias #ElPoderDeLaInformaci\u00f3n","jetpack_publicize_feature_enabled":true,"jetpack_social_post_already_shared":true,"jetpack_social_options":{"image_generator_settings":{"template":"highway","default_image_id":0,"font":"","enabled":false},"version":2},"_wpas_customize_per_network":false,"jetpack_post_was_ever_published":false},"categories":[27730,49001],"tags":[537048,29750],"class_list":{"0":"post-35056","1":"post","2":"type-post","3":"status-publish","4":"format-standard","5":"has-post-thumbnail","6":"hentry","7":"category-informacion-general","8":"category-locales","9":"tag-matehuala","10":"tag-portada","12":"fallback-thumbnail"},"jetpack_publicize_connections":[],"jetpack_featured_media_url":"https:\/\/i0.wp.com\/tvpnoticias.com.mx\/wp-content\/uploads\/2026\/04\/image_editor_output_image-156912330-1776973371638.jpg?fit=1600%2C900&ssl=1","jetpack_likes_enabled":false,"jetpack_sharing_enabled":true,"jetpack_shortlink":"https:\/\/wp.me\/peDonN-97q","jetpack-related-posts":[{"id":18284,"url":"https:\/\/tvpnoticias.com.mx\/?p=18284","url_meta":{"origin":35056,"position":0},"title":"Ra\u00fal Ortega asiste a la feria organizada por Coparmex","author":"Gamaliel Rodr\u00edguez","date":"10 de octubre de 2024","format":false,"excerpt":"Ayer por la ma\u00f1ana, el presidente municipal de Matehuala, Lic. Ra\u00fal Ortega Rodr\u00edguez, asisti\u00f3 a la Feria del Empleo, Proveedur\u00eda, Servicio y Emprendimiento 2024, organizada por COPARMEX, que dirige Juan Carlos Salazar Viesca. Durante su intervenci\u00f3n, el alcalde destac\u00f3 la importancia de la coordinaci\u00f3n entre el gobierno, empresarios, instituciones educativas\u2026","rel":"","context":"En \u00abInformaci\u00f3n General\u00bb","block_context":{"text":"Informaci\u00f3n General","link":"https:\/\/tvpnoticias.com.mx\/?cat=27730"},"img":{"alt_text":"","src":"https:\/\/i0.wp.com\/tvpnoticias.com.mx\/wp-content\/uploads\/2024\/10\/FB_IMG_1728537866588.jpg?fit=1080%2C608&ssl=1&resize=350%2C200","width":350,"height":200,"srcset":"https:\/\/i0.wp.com\/tvpnoticias.com.mx\/wp-content\/uploads\/2024\/10\/FB_IMG_1728537866588.jpg?fit=1080%2C608&ssl=1&resize=350%2C200 1x, https:\/\/i0.wp.com\/tvpnoticias.com.mx\/wp-content\/uploads\/2024\/10\/FB_IMG_1728537866588.jpg?fit=1080%2C608&ssl=1&resize=525%2C300 1.5x, https:\/\/i0.wp.com\/tvpnoticias.com.mx\/wp-content\/uploads\/2024\/10\/FB_IMG_1728537866588.jpg?fit=1080%2C608&ssl=1&resize=700%2C400 2x, https:\/\/i0.wp.com\/tvpnoticias.com.mx\/wp-content\/uploads\/2024\/10\/FB_IMG_1728537866588.jpg?fit=1080%2C608&ssl=1&resize=1050%2C600 3x"},"classes":[]},{"id":19709,"url":"https:\/\/tvpnoticias.com.mx\/?p=19709","url_meta":{"origin":35056,"position":1},"title":"Gobierno de Matehuala presente en la Feria Vocacional m\u00e1s grande del norte de SLP","author":"Gamaliel Rodr\u00edguez","date":"16 de noviembre de 2024","format":false,"excerpt":"El d\u00eda de hoy, el Gobierno Municipal de Matehuala, representado por el Lic. Jes\u00fas Castillo, secretario t\u00e9cnico; el Ing. Alejandro Medell\u00edn, secretario particular; y el Lic. Juli\u00e1n Garc\u00eda Hern\u00e1ndez, titular de Atenci\u00f3n a la Juventud, asisti\u00f3 a la ceremonia de inauguraci\u00f3n de la 17\u00aa Feria Vocacional \u201cPREPA-RANDO TU FUTURO\u201d, organizada\u2026","rel":"","context":"En \u00abEducaci\u00f3n\u00bb","block_context":{"text":"Educaci\u00f3n","link":"https:\/\/tvpnoticias.com.mx\/?cat=537297"},"img":{"alt_text":"","src":"https:\/\/i0.wp.com\/tvpnoticias.com.mx\/wp-content\/uploads\/2024\/11\/IMG-20241115-WA0141.jpg?fit=1200%2C675&ssl=1&resize=350%2C200","width":350,"height":200,"srcset":"https:\/\/i0.wp.com\/tvpnoticias.com.mx\/wp-content\/uploads\/2024\/11\/IMG-20241115-WA0141.jpg?fit=1200%2C675&ssl=1&resize=350%2C200 1x, https:\/\/i0.wp.com\/tvpnoticias.com.mx\/wp-content\/uploads\/2024\/11\/IMG-20241115-WA0141.jpg?fit=1200%2C675&ssl=1&resize=525%2C300 1.5x, https:\/\/i0.wp.com\/tvpnoticias.com.mx\/wp-content\/uploads\/2024\/11\/IMG-20241115-WA0141.jpg?fit=1200%2C675&ssl=1&resize=700%2C400 2x, https:\/\/i0.wp.com\/tvpnoticias.com.mx\/wp-content\/uploads\/2024\/11\/IMG-20241115-WA0141.jpg?fit=1200%2C675&ssl=1&resize=1050%2C600 3x"},"classes":[]},{"id":34935,"url":"https:\/\/tvpnoticias.com.mx\/?p=34935","url_meta":{"origin":35056,"position":2},"title":"Curso de Gesti\u00f3n Empresarial y Feria del Empleo llega a Matehuala","author":"Gamaliel Rodr\u00edguez","date":"20 de abril de 2026","format":false,"excerpt":"El Gobierno Municipal de Matehuala, a trav\u00e9s de la Direcci\u00f3n de Desarrollo Econ\u00f3mico, invita a la ciudadan\u00eda a participar en actividades que fortalecen el emprendimiento y el acceso a oportunidades laborales en el municipio.El director de Desarrollo Econ\u00f3mico, Lic. Juan Carlos Vel\u00e1zquez Hern\u00e1ndez, inform\u00f3 que, en coordinaci\u00f3n con Nacional Financiera\u2026","rel":"","context":"En \u00abInformaci\u00f3n General\u00bb","block_context":{"text":"Informaci\u00f3n General","link":"https:\/\/tvpnoticias.com.mx\/?cat=27730"},"img":{"alt_text":"","src":"","width":0,"height":0},"classes":[]},{"id":34201,"url":"https:\/\/tvpnoticias.com.mx\/?p=34201","url_meta":{"origin":35056,"position":3},"title":"Gobierno de Matehuala presenta Feria de La Charamusca 2026","author":"Gamaliel Rodr\u00edguez","date":"26 de marzo de 2026","format":false,"excerpt":"El Gobierno Municipal de Matehuala, llev\u00f3 a cabo la rueda de prensa para presentar de manera oficial la Feria de la Charamusca 2026, as\u00ed como el programa de actividades culturales, deportivas y tradicionales que se desarrollar\u00e1n durante la temporada de Semana Santa.En el evento se cont\u00f3 con la presencia de\u2026","rel":"","context":"En \u00abArte y Cultura\u00bb","block_context":{"text":"Arte y Cultura","link":"https:\/\/tvpnoticias.com.mx\/?cat=537184"},"img":{"alt_text":"","src":"https:\/\/i0.wp.com\/tvpnoticias.com.mx\/wp-content\/uploads\/2026\/03\/image_editor_output_image760829519-1774557036278.jpg?fit=1200%2C675&ssl=1&resize=350%2C200","width":350,"height":200,"srcset":"https:\/\/i0.wp.com\/tvpnoticias.com.mx\/wp-content\/uploads\/2026\/03\/image_editor_output_image760829519-1774557036278.jpg?fit=1200%2C675&ssl=1&resize=350%2C200 1x, https:\/\/i0.wp.com\/tvpnoticias.com.mx\/wp-content\/uploads\/2026\/03\/image_editor_output_image760829519-1774557036278.jpg?fit=1200%2C675&ssl=1&resize=525%2C300 1.5x, https:\/\/i0.wp.com\/tvpnoticias.com.mx\/wp-content\/uploads\/2026\/03\/image_editor_output_image760829519-1774557036278.jpg?fit=1200%2C675&ssl=1&resize=700%2C400 2x, https:\/\/i0.wp.com\/tvpnoticias.com.mx\/wp-content\/uploads\/2026\/03\/image_editor_output_image760829519-1774557036278.jpg?fit=1200%2C675&ssl=1&resize=1050%2C600 3x"},"classes":[]},{"id":25693,"url":"https:\/\/tvpnoticias.com.mx\/?p=25693","url_meta":{"origin":35056,"position":4},"title":"Un \u00e9xito Feria Regional del Empleo en Matehuala","author":"Gamaliel Rodr\u00edguez","date":"27 de mayo de 2025","format":false,"excerpt":"15 empresas de los distintos sectores productivos, del comercio y servicios, tuvieron un encuentro directo con 480 buscadoras y buscadores de empleo en el Altiplano. La Feria Regional del Empleo en Matehuala fue un \u00e9xito rotundo, reuniendo a m\u00e1s de 480 buscadores de empleo que aprovecharon la oportunidad de explorar\u2026","rel":"","context":"En \u00abInformaci\u00f3n General\u00bb","block_context":{"text":"Informaci\u00f3n General","link":"https:\/\/tvpnoticias.com.mx\/?cat=27730"},"img":{"alt_text":"","src":"https:\/\/i0.wp.com\/tvpnoticias.com.mx\/wp-content\/uploads\/2025\/05\/image_editor_output_image1576326619-1748310746832.jpg?fit=887%2C498&ssl=1&resize=350%2C200","width":350,"height":200,"srcset":"https:\/\/i0.wp.com\/tvpnoticias.com.mx\/wp-content\/uploads\/2025\/05\/image_editor_output_image1576326619-1748310746832.jpg?fit=887%2C498&ssl=1&resize=350%2C200 1x, https:\/\/i0.wp.com\/tvpnoticias.com.mx\/wp-content\/uploads\/2025\/05\/image_editor_output_image1576326619-1748310746832.jpg?fit=887%2C498&ssl=1&resize=525%2C300 1.5x, https:\/\/i0.wp.com\/tvpnoticias.com.mx\/wp-content\/uploads\/2025\/05\/image_editor_output_image1576326619-1748310746832.jpg?fit=887%2C498&ssl=1&resize=700%2C400 2x"},"classes":[]},{"id":24584,"url":"https:\/\/tvpnoticias.com.mx\/?p=24584","url_meta":{"origin":35056,"position":5},"title":"Ra\u00fal Ortega clausura con \u00e9xito la Feria de la Charamusca","author":"Gamaliel Rodr\u00edguez","date":"21 de abril de 2025","format":false,"excerpt":"\u2022 Una gran fiesta de tradici\u00f3n, cultura, deporte y orgullo matehualense.La noche del domingo 20 de abril, el Gobierno Municipal de Matehuala celebr\u00f3 la clausura oficial de la Feria de la Charamusca 2025 en el Parque Vicente Guerrero, con un evento lleno de m\u00fasica, emociones y momentos memorables que reunieron\u2026","rel":"","context":"En \u00abInformaci\u00f3n General\u00bb","block_context":{"text":"Informaci\u00f3n General","link":"https:\/\/tvpnoticias.com.mx\/?cat=27730"},"img":{"alt_text":"","src":"https:\/\/i0.wp.com\/tvpnoticias.com.mx\/wp-content\/uploads\/2025\/04\/image_editor_output_image68674300-1745257689737.jpg?fit=1200%2C553&ssl=1&resize=350%2C200","width":350,"height":200,"srcset":"https:\/\/i0.wp.com\/tvpnoticias.com.mx\/wp-content\/uploads\/2025\/04\/image_editor_output_image68674300-1745257689737.jpg?fit=1200%2C553&ssl=1&resize=350%2C200 1x, https:\/\/i0.wp.com\/tvpnoticias.com.mx\/wp-content\/uploads\/2025\/04\/image_editor_output_image68674300-1745257689737.jpg?fit=1200%2C553&ssl=1&resize=525%2C300 1.5x, https:\/\/i0.wp.com\/tvpnoticias.com.mx\/wp-content\/uploads\/2025\/04\/image_editor_output_image68674300-1745257689737.jpg?fit=1200%2C553&ssl=1&resize=700%2C400 2x, https:\/\/i0.wp.com\/tvpnoticias.com.mx\/wp-content\/uploads\/2025\/04\/image_editor_output_image68674300-1745257689737.jpg?fit=1200%2C553&ssl=1&resize=1050%2C600 3x"},"classes":[]}],"_links":{"self":[{"href":"https:\/\/tvpnoticias.com.mx\/index.php?rest_route=\/wp\/v2\/posts\/35056","targetHints":{"allow":["GET"]}}],"collection":[{"href":"https:\/\/tvpnoticias.com.mx\/index.php?rest_route=\/wp\/v2\/posts"}],"about":[{"href":"https:\/\/tvpnoticias.com.mx\/index.php?rest_route=\/wp\/v2\/types\/post"}],"author":[{"embeddable":true,"href":"https:\/\/tvpnoticias.com.mx\/index.php?rest_route=\/wp\/v2\/users\/232456897"}],"replies":[{"embeddable":true,"href":"https:\/\/tvpnoticias.com.mx\/index.php?rest_route=%2Fwp%2Fv2%2Fcomments&post=35056"}],"version-history":[{"count":1,"href":"https:\/\/tvpnoticias.com.mx\/index.php?rest_route=\/wp\/v2\/posts\/35056\/revisions"}],"predecessor-version":[{"id":35057,"href":"https:\/\/tvpnoticias.com.mx\/index.php?rest_route=\/wp\/v2\/posts\/35056\/revisions\/35057"}],"wp:featuredmedia":[{"embeddable":true,"href":"https:\/\/tvpnoticias.com.mx\/index.php?rest_route=\/wp\/v2\/media\/35055"}],"wp:attachment":[{"href":"https:\/\/tvpnoticias.com.mx\/index.php?rest_route=%2Fwp%2Fv2%2Fmedia&parent=35056"}],"wp:term":[{"taxonomy":"category","embeddable":true,"href":"https:\/\/tvpnoticias.com.mx\/index.php?rest_route=%2Fwp%2Fv2%2Fcategories&post=35056"},{"taxonomy":"post_tag","embeddable":true,"href":"https:\/\/tvpnoticias.com.mx\/index.php?rest_route=%2Fwp%2Fv2%2Ftags&post=35056"}],"curies":[{"name":"wp","href":"https:\/\/api.w.org\/{rel}","templated":true}]}}