{"id":35040,"date":"2026-04-23T15:00:38","date_gmt":"2026-04-23T21:00:38","guid":{"rendered":"https:\/\/tvpnoticias.com.mx\/?p=35040"},"modified":"2026-04-23T13:41:41","modified_gmt":"2026-04-23T19:41:41","slug":"temperaturas-extremas-azotaran-san-luis-potosi","status":"publish","type":"post","link":"https:\/\/tvpnoticias.com.mx\/?p=35040","title":{"rendered":"Temperaturas extremas azotar\u00e1n San Luis Potos\u00ed"},"content":{"rendered":"\n<p class=\"wp-block-paragraph\"><br>Una intensa ola de altas temperaturas impactar\u00e1 la entidad durante los \u00faltimos d\u00edas de abril, con efectos en todas sus regiones y riesgos para la salud.<br><br>La Universidad Aut\u00f3noma de San Luis Potos\u00ed inform\u00f3 que del 23 al 30 de abril de 2026 se presentar\u00e1 una onda de calor en todo el estado, con condiciones especialmente severas en las zonas Huasteca y Media. El fen\u00f3meno abarcar\u00e1 las cuatro regiones y elevar\u00e1 los term\u00f3metros a niveles considerados extremos.<br><br>El aviso fue emitido a trav\u00e9s de sus \u00e1reas de seguridad y protecci\u00f3n universitaria, que advirtieron sobre posibles afectaciones como golpes de calor y deshidrataci\u00f3n, principalmente en personas que realizan actividades al aire libre o permanecen por periodos prolongados bajo el sol.<br><br>Ante este escenario, se recomienda mantener hidrataci\u00f3n constante con al menos dos litros de agua al d\u00eda, incluso sin sensaci\u00f3n de sed, y evitar bebidas con alto contenido de az\u00facar o cafe\u00edna. Tambi\u00e9n se sugiere usar ropa ligera, de colores claros y telas transpirables, adem\u00e1s de protegerse con gorra, sombrero o sombrilla.<br><br>Otra medida clave es limitar la exposici\u00f3n directa al sol entre las 11:00 y las 17:00 horas, horario en el que la radiaci\u00f3n alcanza su punto m\u00e1s alto. Asimismo, se aconseja consumir alimentos frescos como frutas y verduras, y reducir la ingesta de comidas pesadas o que requieran mucha cocci\u00f3n.<br><br>En espacios cerrados, es importante mantener una ventilaci\u00f3n adecuada. En caso de utilizar aire acondicionado, se debe verificar que los filtros est\u00e9n limpios para asegurar su correcto funcionamiento y evitar riesgos adicionales durante esta temporada de calor.<\/p>\n","protected":false},"excerpt":{"rendered":"<p>Una intensa ola de altas temperaturas impactar\u00e1 la entidad durante los \u00faltimos d\u00edas de abril, con efectos en todas sus regiones y riesgos para la salud. La Universidad Aut\u00f3noma de San Luis Potos\u00ed inform\u00f3 que del 23 al 30 de &hellip; <a href=\"https:\/\/tvpnoticias.com.mx\/?p=35040\" class=\"more-link\">Contin\u00faa leyendo <span class=\"screen-reader-text\">Temperaturas extremas azotar\u00e1n San Luis Potos\u00ed<\/span><\/a><\/p>\n","protected":false},"author":232456897,"featured_media":35039,"comment_status":"open","ping_status":"open","sticky":false,"template":"","format":"standard","meta":{"_crdt_document":"","rop_custom_images_group":[],"rop_custom_messages_group":[],"rop_publish_now":"initial","rop_publish_now_accounts":{"facebook_8025747037436539_114477521595495":""},"rop_publish_now_history":[],"rop_publish_now_status":"pending","advanced_seo_description":"","jetpack_seo_html_title":"","jetpack_seo_noindex":false,"_jetpack_newsletter_access":"","_jetpack_dont_email_post_to_subs":false,"_jetpack_newsletter_tier_id":0,"_jetpack_memberships_contains_paywalled_content":false,"_jetpack_memberships_contains_paid_content":false,"footnotes":"","jetpack_publicize_message":"#SLP | Una intensa ola de altas temperaturas impactar\u00e1 la entidad durante los \u00faltimos d\u00edas de abril, con efectos en todas sus regiones y riesgos para la salud\n\n#TVP #Noticias #ElPoderDeLaInformaci\u00f3n","jetpack_publicize_feature_enabled":true,"jetpack_social_post_already_shared":true,"jetpack_social_options":{"image_generator_settings":{"template":"highway","default_image_id":0,"font":"","enabled":false},"version":2},"_wpas_customize_per_network":false,"jetpack_post_was_ever_published":false},"categories":[537396,27730,49001],"tags":[537204,29750],"class_list":{"0":"post-35040","1":"post","2":"type-post","3":"status-publish","4":"format-standard","5":"has-post-thumbnail","6":"hentry","7":"category-estado","8":"category-informacion-general","9":"category-locales","10":"tag-clima","11":"tag-portada","13":"fallback-thumbnail"},"jetpack_publicize_connections":[],"jetpack_featured_media_url":"https:\/\/i0.wp.com\/tvpnoticias.com.mx\/wp-content\/uploads\/2026\/04\/image_editor_output_image1893800591-1776925452551.png?fit=1280%2C720&ssl=1","jetpack_likes_enabled":false,"jetpack_sharing_enabled":true,"jetpack_shortlink":"https:\/\/wp.me\/peDonN-97a","jetpack-related-posts":[{"id":10242,"url":"https:\/\/tvpnoticias.com.mx\/?p=10242","url_meta":{"origin":35040,"position":0},"title":"Cinco olas de calor llegar\u00e1n a M\u00e9xico; as\u00ed afectar\u00e1 a San Luis Potos\u00ed","author":"Gamaliel Rodr\u00edguez","date":"23 de febrero de 2024","format":false,"excerpt":"El Servicio Meteorol\u00f3gico Nacional (SMN) ha emitido un pron\u00f3stico preocupante para el verano del 2024 en M\u00e9xico, indicando que el pa\u00eds experimentar\u00e1 un periodo m\u00e1s caluroso de lo habitual. Seg\u00fan las proyecciones del SMN, se esperan cinco olas de calor entre los meses de marzo y julio, siendo particularmente intensas\u2026","rel":"","context":"En \u00abInformaci\u00f3n General\u00bb","block_context":{"text":"Informaci\u00f3n General","link":"https:\/\/tvpnoticias.com.mx\/?cat=27730"},"img":{"alt_text":"","src":"https:\/\/i0.wp.com\/tvpnoticias.com.mx\/wp-content\/uploads\/2024\/02\/images285329.jpeg?fit=712%2C431&ssl=1&resize=350%2C200","width":350,"height":200,"srcset":"https:\/\/i0.wp.com\/tvpnoticias.com.mx\/wp-content\/uploads\/2024\/02\/images285329.jpeg?fit=712%2C431&ssl=1&resize=350%2C200 1x, https:\/\/i0.wp.com\/tvpnoticias.com.mx\/wp-content\/uploads\/2024\/02\/images285329.jpeg?fit=712%2C431&ssl=1&resize=525%2C300 1.5x, https:\/\/i0.wp.com\/tvpnoticias.com.mx\/wp-content\/uploads\/2024\/02\/images285329.jpeg?fit=712%2C431&ssl=1&resize=700%2C400 2x"},"classes":[]},{"id":13020,"url":"https:\/\/tvpnoticias.com.mx\/?p=13020","url_meta":{"origin":35040,"position":1},"title":"Calor abrasador para este inicio de semana","author":"Gamaliel Rodr\u00edguez","date":"13 de mayo de 2024","format":false,"excerpt":"En Matehuala las temperaturas alcanzar\u00e1n los 36\u00b0C en la tarde; 34 grados en la capital Las temperaturas en Matehuala, San Luis Potos\u00ed, se prev\u00e9 que oscilen entre los 20\u00b0C y los 36\u00b0C durante el d\u00eda, con la m\u00e1xima alcanzando su punto \u00e1lgido alrededor de las 16:00. Se espera un d\u00eda\u2026","rel":"","context":"En \u00abInformaci\u00f3n General\u00bb","block_context":{"text":"Informaci\u00f3n General","link":"https:\/\/tvpnoticias.com.mx\/?cat=27730"},"img":{"alt_text":"","src":"https:\/\/i0.wp.com\/tvpnoticias.com.mx\/wp-content\/uploads\/2024\/03\/images28429.jpeg?fit=739%2C415&ssl=1&resize=350%2C200","width":350,"height":200,"srcset":"https:\/\/i0.wp.com\/tvpnoticias.com.mx\/wp-content\/uploads\/2024\/03\/images28429.jpeg?fit=739%2C415&ssl=1&resize=350%2C200 1x, https:\/\/i0.wp.com\/tvpnoticias.com.mx\/wp-content\/uploads\/2024\/03\/images28429.jpeg?fit=739%2C415&ssl=1&resize=525%2C300 1.5x, https:\/\/i0.wp.com\/tvpnoticias.com.mx\/wp-content\/uploads\/2024\/03\/images28429.jpeg?fit=739%2C415&ssl=1&resize=700%2C400 2x"},"classes":[]},{"id":12817,"url":"https:\/\/tvpnoticias.com.mx\/?p=12817","url_meta":{"origin":35040,"position":2},"title":"\u00a1Calor extremo! San Luis Potos\u00ed azotado por la ola de calor","author":"Gamaliel Rodr\u00edguez","date":"7 de mayo de 2024","format":false,"excerpt":"Una segunda ola de calor llega sobre ocho estados de M\u00e9xico, del martes 7 al jueves 9 de mayo, con pron\u00f3sticos de temperaturas que superar\u00e1n los 45 grados Celsius. San Luis Potos\u00ed, Michoac\u00e1n, Guerrero, Oaxaca, Chiapas, Tabasco y Campeche se encuentran en alerta ante la llegada de condiciones extremas, consecuencia\u2026","rel":"","context":"En \u00abInformaci\u00f3n General\u00bb","block_context":{"text":"Informaci\u00f3n General","link":"https:\/\/tvpnoticias.com.mx\/?cat=27730"},"img":{"alt_text":"","src":"https:\/\/i0.wp.com\/tvpnoticias.com.mx\/wp-content\/uploads\/2024\/05\/images283929.jpeg?fit=738%2C415&ssl=1&resize=350%2C200","width":350,"height":200,"srcset":"https:\/\/i0.wp.com\/tvpnoticias.com.mx\/wp-content\/uploads\/2024\/05\/images283929.jpeg?fit=738%2C415&ssl=1&resize=350%2C200 1x, https:\/\/i0.wp.com\/tvpnoticias.com.mx\/wp-content\/uploads\/2024\/05\/images283929.jpeg?fit=738%2C415&ssl=1&resize=525%2C300 1.5x, https:\/\/i0.wp.com\/tvpnoticias.com.mx\/wp-content\/uploads\/2024\/05\/images283929.jpeg?fit=738%2C415&ssl=1&resize=700%2C400 2x"},"classes":[]},{"id":13544,"url":"https:\/\/tvpnoticias.com.mx\/?p=13544","url_meta":{"origin":35040,"position":3},"title":"M\u00e9xico enfrentar\u00e1 las temperaturas m\u00e1s altas en la historia","author":"Gamaliel Rodr\u00edguez","date":"24 de mayo de 2024","format":false,"excerpt":"En San Luis Potos\u00ed, se prev\u00e9 que las temperaturas podr\u00edan superar los 45 grados, marcando un r\u00e9cord hist\u00f3rico.La Universidad Nacional Aut\u00f3noma de M\u00e9xico (UNAM) ha alertado que el pa\u00eds experimentar\u00e1 en los pr\u00f3ximos 10 a 15 d\u00edas las temperaturas m\u00e1s altas jam\u00e1s registradas. El coordinador del Programa de Investigaci\u00f3n en\u2026","rel":"","context":"En \u00abInformaci\u00f3n General\u00bb","block_context":{"text":"Informaci\u00f3n General","link":"https:\/\/tvpnoticias.com.mx\/?cat=27730"},"img":{"alt_text":"","src":"https:\/\/i0.wp.com\/tvpnoticias.com.mx\/wp-content\/uploads\/2024\/05\/images-2024-05-23T213440.449.jpeg?fit=400%2C250&ssl=1&resize=350%2C200","width":350,"height":200},"classes":[]},{"id":34120,"url":"https:\/\/tvpnoticias.com.mx\/?p=34120","url_meta":{"origin":35040,"position":4},"title":"Can\u00edcula elevar\u00e1 temperaturas en San Luis Potos\u00ed desde julio","author":"Gamaliel Rodr\u00edguez","date":"24 de marzo de 2026","format":false,"excerpt":"El periodo m\u00e1s intenso del verano se aproxima con menos lluvias y m\u00e1s calor en varias regiones. Su llegada impacta tanto en la salud como en el campoLa can\u00edcula es un fen\u00f3meno clim\u00e1tico propio del verano que se caracteriza por una disminuci\u00f3n temporal de lluvias junto con un aumento considerable\u2026","rel":"","context":"En \u00abInformaci\u00f3n General\u00bb","block_context":{"text":"Informaci\u00f3n General","link":"https:\/\/tvpnoticias.com.mx\/?cat=27730"},"img":{"alt_text":"","src":"https:\/\/i0.wp.com\/tvpnoticias.com.mx\/wp-content\/uploads\/2026\/03\/image_editor_output_image-1293693179-1774376027824.png?fit=1200%2C675&ssl=1&resize=350%2C200","width":350,"height":200,"srcset":"https:\/\/i0.wp.com\/tvpnoticias.com.mx\/wp-content\/uploads\/2026\/03\/image_editor_output_image-1293693179-1774376027824.png?fit=1200%2C675&ssl=1&resize=350%2C200 1x, https:\/\/i0.wp.com\/tvpnoticias.com.mx\/wp-content\/uploads\/2026\/03\/image_editor_output_image-1293693179-1774376027824.png?fit=1200%2C675&ssl=1&resize=525%2C300 1.5x, https:\/\/i0.wp.com\/tvpnoticias.com.mx\/wp-content\/uploads\/2026\/03\/image_editor_output_image-1293693179-1774376027824.png?fit=1200%2C675&ssl=1&resize=700%2C400 2x, https:\/\/i0.wp.com\/tvpnoticias.com.mx\/wp-content\/uploads\/2026\/03\/image_editor_output_image-1293693179-1774376027824.png?fit=1200%2C675&ssl=1&resize=1050%2C600 3x"},"classes":[]},{"id":13496,"url":"https:\/\/tvpnoticias.com.mx\/?p=13496","url_meta":{"origin":35040,"position":5},"title":"\u00bfCu\u00e1ndo inicia la can\u00edcula?","author":"Gamaliel Rodr\u00edguez","date":"25 de mayo de 2024","format":false,"excerpt":"A partir del 21 de junio, dar\u00e1 inicio la temporada de can\u00edcula, un fen\u00f3meno clim\u00e1tico caracterizado por un incremento significativo de las temperaturas y una disminuci\u00f3n en las precipitaciones. Este periodo, que suele durar alrededor de 40 d\u00edas, afectar\u00e1 severamente a diversos estados de M\u00e9xico, entre los que se encuentran\u2026","rel":"","context":"En \u00abInformaci\u00f3n General\u00bb","block_context":{"text":"Informaci\u00f3n General","link":"https:\/\/tvpnoticias.com.mx\/?cat=27730"},"img":{"alt_text":"","src":"https:\/\/i0.wp.com\/tvpnoticias.com.mx\/wp-content\/uploads\/2024\/05\/images-2024-05-23T122915.957.jpeg?fit=739%2C415&ssl=1&resize=350%2C200","width":350,"height":200,"srcset":"https:\/\/i0.wp.com\/tvpnoticias.com.mx\/wp-content\/uploads\/2024\/05\/images-2024-05-23T122915.957.jpeg?fit=739%2C415&ssl=1&resize=350%2C200 1x, https:\/\/i0.wp.com\/tvpnoticias.com.mx\/wp-content\/uploads\/2024\/05\/images-2024-05-23T122915.957.jpeg?fit=739%2C415&ssl=1&resize=525%2C300 1.5x, https:\/\/i0.wp.com\/tvpnoticias.com.mx\/wp-content\/uploads\/2024\/05\/images-2024-05-23T122915.957.jpeg?fit=739%2C415&ssl=1&resize=700%2C400 2x"},"classes":[]}],"_links":{"self":[{"href":"https:\/\/tvpnoticias.com.mx\/index.php?rest_route=\/wp\/v2\/posts\/35040","targetHints":{"allow":["GET"]}}],"collection":[{"href":"https:\/\/tvpnoticias.com.mx\/index.php?rest_route=\/wp\/v2\/posts"}],"about":[{"href":"https:\/\/tvpnoticias.com.mx\/index.php?rest_route=\/wp\/v2\/types\/post"}],"author":[{"embeddable":true,"href":"https:\/\/tvpnoticias.com.mx\/index.php?rest_route=\/wp\/v2\/users\/232456897"}],"replies":[{"embeddable":true,"href":"https:\/\/tvpnoticias.com.mx\/index.php?rest_route=%2Fwp%2Fv2%2Fcomments&post=35040"}],"version-history":[{"count":1,"href":"https:\/\/tvpnoticias.com.mx\/index.php?rest_route=\/wp\/v2\/posts\/35040\/revisions"}],"predecessor-version":[{"id":35044,"href":"https:\/\/tvpnoticias.com.mx\/index.php?rest_route=\/wp\/v2\/posts\/35040\/revisions\/35044"}],"wp:featuredmedia":[{"embeddable":true,"href":"https:\/\/tvpnoticias.com.mx\/index.php?rest_route=\/wp\/v2\/media\/35039"}],"wp:attachment":[{"href":"https:\/\/tvpnoticias.com.mx\/index.php?rest_route=%2Fwp%2Fv2%2Fmedia&parent=35040"}],"wp:term":[{"taxonomy":"category","embeddable":true,"href":"https:\/\/tvpnoticias.com.mx\/index.php?rest_route=%2Fwp%2Fv2%2Fcategories&post=35040"},{"taxonomy":"post_tag","embeddable":true,"href":"https:\/\/tvpnoticias.com.mx\/index.php?rest_route=%2Fwp%2Fv2%2Ftags&post=35040"}],"curies":[{"name":"wp","href":"https:\/\/api.w.org\/{rel}","templated":true}]}}