{"id":35027,"date":"2026-04-24T18:00:57","date_gmt":"2026-04-25T00:00:57","guid":{"rendered":"https:\/\/tvpnoticias.com.mx\/?p=35027"},"modified":"2026-04-24T10:30:02","modified_gmt":"2026-04-24T16:30:02","slug":"estado-refuerza-coordinacion-municipal-por-la-seguridad","status":"publish","type":"post","link":"https:\/\/tvpnoticias.com.mx\/?p=35027","title":{"rendered":"Estado refuerza coordinaci\u00f3n municipal por la seguridad"},"content":{"rendered":"\n<p class=\"wp-block-paragraph\"><br>\u00a0\u00a0\u00a0\u00a0\u00a0\u00a0 \u2022 Mantiene di\u00e1logo permanente con ayuntamientos para fortalecer operativos y consolidar entornos de paz en las cuatro regiones.<br> <br>Bajo la encomienda del Gobernador Ricardo Gallardo Cardona de fortalecer la tranquilidad en todo el territorio potosino, la Secretar\u00eda de Seguridad y Protecci\u00f3n Ciudadana (SSPC) intensifica la coordinaci\u00f3n con los municipios, impulsando un trabajo sin l\u00edmites que permite mejorar la capacidad de respuesta y la presencia operativa en beneficio de las familias.<br>Como parte de estas acciones, el titular de la corporaci\u00f3n, Jes\u00fas Ju\u00e1rez Hern\u00e1ndez, sostuvo reuniones con autoridades de Lagunillas y Santo Domingo, donde se acordaron medidas para reforzar la vigilancia, mejorar la comunicaci\u00f3n entre corporaciones y atender de manera m\u00e1s eficaz las necesidades de cada demarcaci\u00f3n, lo que demuestra el cambio que se vive y se siente al consolidar una colaboraci\u00f3n m\u00e1s cercana y efectiva entre niveles de Gobierno.<\/p>\n\n\n\n<p class=\"wp-block-paragraph\"><br>Los alcaldes Sergio Alberto Izaguirre Ponce y Filiberto Rodr\u00edguez Alvarado coincidieron en que las labores conjuntas han permitido avanzar en la construcci\u00f3n de entornos m\u00e1s seguros, con operativos permanentes y mayor presencia de la Guardia Civil Estatal (GCE), adem\u00e1s de fortalecer a las corporaciones municipales mediante capacitaci\u00f3n y equipamiento, para brindar mejores resultados a la ciudadan\u00eda.<\/p>\n","protected":false},"excerpt":{"rendered":"<p>\u00a0\u00a0\u00a0\u00a0\u00a0\u00a0 \u2022 Mantiene di\u00e1logo permanente con ayuntamientos para fortalecer operativos y consolidar entornos de paz en las cuatro regiones. Bajo la encomienda del Gobernador Ricardo Gallardo Cardona de fortalecer la tranquilidad en todo el territorio potosino, la Secretar\u00eda de Seguridad &hellip; <a href=\"https:\/\/tvpnoticias.com.mx\/?p=35027\" class=\"more-link\">Contin\u00faa leyendo <span class=\"screen-reader-text\">Estado refuerza coordinaci\u00f3n municipal por la seguridad<\/span><\/a><\/p>\n","protected":false},"author":232456897,"featured_media":35026,"comment_status":"open","ping_status":"open","sticky":false,"template":"","format":"standard","meta":{"_crdt_document":"","rop_custom_images_group":[],"rop_custom_messages_group":[],"rop_publish_now":"initial","rop_publish_now_accounts":{"facebook_8025747037436539_114477521595495":""},"rop_publish_now_history":[],"rop_publish_now_status":"pending","advanced_seo_description":"","jetpack_seo_html_title":"","jetpack_seo_noindex":false,"_jetpack_newsletter_access":"","_jetpack_dont_email_post_to_subs":false,"_jetpack_newsletter_tier_id":0,"_jetpack_memberships_contains_paywalled_content":false,"_jetpack_memberships_contains_paid_content":false,"footnotes":"","jetpack_publicize_message":"#SLP | Mantiene di\u00e1logo permanente con ayuntamientos para fortalecer operativos y consolidar entornos de paz en las cuatro regiones\n\n#TVP #Noticias #ElPoderDeLaInformaci\u00f3n","jetpack_publicize_feature_enabled":true,"jetpack_social_post_already_shared":true,"jetpack_social_options":{"image_generator_settings":{"template":"highway","default_image_id":0,"font":"","enabled":false},"version":2},"_wpas_customize_per_network":false,"jetpack_post_was_ever_published":false},"categories":[537396,27730,49001,537028],"tags":[29750,537166,537082],"class_list":{"0":"post-35027","1":"post","2":"type-post","3":"status-publish","4":"format-standard","5":"has-post-thumbnail","6":"hentry","7":"category-estado","8":"category-informacion-general","9":"category-locales","10":"category-policiaca","11":"tag-portada","12":"tag-seguridad","13":"tag-slp","15":"fallback-thumbnail"},"jetpack_publicize_connections":[],"jetpack_featured_media_url":"https:\/\/i0.wp.com\/tvpnoticias.com.mx\/wp-content\/uploads\/2026\/04\/image_editor_output_image-137146077-1776924387056.jpg?fit=1520%2C854&ssl=1","jetpack_likes_enabled":false,"jetpack_sharing_enabled":true,"jetpack_shortlink":"https:\/\/wp.me\/peDonN-96X","jetpack-related-posts":[{"id":26306,"url":"https:\/\/tvpnoticias.com.mx\/?p=26306","url_meta":{"origin":35027,"position":0},"title":"Coordinaci\u00f3n interinstitucional fortalece seguridad en carreteras potosinas","author":"Gamaliel Rodr\u00edguez","date":"14 de junio de 2025","format":false,"excerpt":"\u2022 Colaboraci\u00f3n entre auto transportistas y autoridades para garantizar orden y tranquilidad en beneficio de todas y todos los potosinos. S.L.P.- La Secretar\u00eda de Seguridad y Protecci\u00f3n Ciudadana del Estado, sostuvo una reuni\u00f3n con representantes de empresas de auto transportes y Guardia Nacional con el objetivo de fortalecer la vigilancia\u2026","rel":"","context":"En \u00abInformaci\u00f3n General\u00bb","block_context":{"text":"Informaci\u00f3n General","link":"https:\/\/tvpnoticias.com.mx\/?cat=27730"},"img":{"alt_text":"","src":"https:\/\/i0.wp.com\/tvpnoticias.com.mx\/wp-content\/uploads\/2025\/06\/image_editor_output_image-1737318192-1749930507561.jpg?fit=1001%2C562&ssl=1&resize=350%2C200","width":350,"height":200,"srcset":"https:\/\/i0.wp.com\/tvpnoticias.com.mx\/wp-content\/uploads\/2025\/06\/image_editor_output_image-1737318192-1749930507561.jpg?fit=1001%2C562&ssl=1&resize=350%2C200 1x, https:\/\/i0.wp.com\/tvpnoticias.com.mx\/wp-content\/uploads\/2025\/06\/image_editor_output_image-1737318192-1749930507561.jpg?fit=1001%2C562&ssl=1&resize=525%2C300 1.5x, https:\/\/i0.wp.com\/tvpnoticias.com.mx\/wp-content\/uploads\/2025\/06\/image_editor_output_image-1737318192-1749930507561.jpg?fit=1001%2C562&ssl=1&resize=700%2C400 2x"},"classes":[]},{"id":33910,"url":"https:\/\/tvpnoticias.com.mx\/?p=33910","url_meta":{"origin":35027,"position":1},"title":"Gobierno refuerza seguridad en parajes y balnearios de San Luis Potos\u00ed","author":"Gamaliel Rodr\u00edguez","date":"16 de marzo de 2026","format":false,"excerpt":"\u00a0\u00a0\u00a0\u00a0 \u2022 El Gobierno del Estado fortalece acciones preventivas y coordinaci\u00f3n con prestadores de servicios para garantizar espacios seguros en la pr\u00f3xima temporada vacacional. Como parte del compromiso del Gobernador Ricardo Gallardo Cardona de fortalecer la seguridad en los destinos tur\u00edsticos, la Coordinaci\u00f3n Estatal de Protecci\u00f3n Civil (CEPC) impulsa acciones\u2026","rel":"","context":"En \u00abEstado\u00bb","block_context":{"text":"Estado","link":"https:\/\/tvpnoticias.com.mx\/?cat=537396"},"img":{"alt_text":"","src":"https:\/\/i0.wp.com\/tvpnoticias.com.mx\/wp-content\/uploads\/2026\/03\/image_editor_output_image1028373938-1773681546409.jpg?fit=1200%2C674&ssl=1&resize=350%2C200","width":350,"height":200,"srcset":"https:\/\/i0.wp.com\/tvpnoticias.com.mx\/wp-content\/uploads\/2026\/03\/image_editor_output_image1028373938-1773681546409.jpg?fit=1200%2C674&ssl=1&resize=350%2C200 1x, https:\/\/i0.wp.com\/tvpnoticias.com.mx\/wp-content\/uploads\/2026\/03\/image_editor_output_image1028373938-1773681546409.jpg?fit=1200%2C674&ssl=1&resize=525%2C300 1.5x, https:\/\/i0.wp.com\/tvpnoticias.com.mx\/wp-content\/uploads\/2026\/03\/image_editor_output_image1028373938-1773681546409.jpg?fit=1200%2C674&ssl=1&resize=700%2C400 2x, https:\/\/i0.wp.com\/tvpnoticias.com.mx\/wp-content\/uploads\/2026\/03\/image_editor_output_image1028373938-1773681546409.jpg?fit=1200%2C674&ssl=1&resize=1050%2C600 3x"},"classes":[]},{"id":32559,"url":"https:\/\/tvpnoticias.com.mx\/?p=32559","url_meta":{"origin":35027,"position":2},"title":"Cedral fue sede de la Mesa Regional de Seguridad para la Construcci\u00f3n de Paz","author":"Gamaliel Rodr\u00edguez","date":"23 de enero de 2026","format":false,"excerpt":"Cedral, S.L.P.\u2014 El municipio de Cedral fue sede de la Sesi\u00f3n Itinerante de la Mesa Regional de Seguridad para la Construcci\u00f3n de la Paz, un espacio de coordinaci\u00f3n intermunicipal que fortalece las acciones en favor de la tranquilidad y el bienestar de las familias del Altiplano Potosino.La reuni\u00f3n fue encabezada\u2026","rel":"","context":"En \u00abInformaci\u00f3n General\u00bb","block_context":{"text":"Informaci\u00f3n General","link":"https:\/\/tvpnoticias.com.mx\/?cat=27730"},"img":{"alt_text":"","src":"https:\/\/i0.wp.com\/tvpnoticias.com.mx\/wp-content\/uploads\/2026\/01\/image_editor_output_image1356069461-1769193975720.jpg?fit=1200%2C674&ssl=1&resize=350%2C200","width":350,"height":200,"srcset":"https:\/\/i0.wp.com\/tvpnoticias.com.mx\/wp-content\/uploads\/2026\/01\/image_editor_output_image1356069461-1769193975720.jpg?fit=1200%2C674&ssl=1&resize=350%2C200 1x, https:\/\/i0.wp.com\/tvpnoticias.com.mx\/wp-content\/uploads\/2026\/01\/image_editor_output_image1356069461-1769193975720.jpg?fit=1200%2C674&ssl=1&resize=525%2C300 1.5x, https:\/\/i0.wp.com\/tvpnoticias.com.mx\/wp-content\/uploads\/2026\/01\/image_editor_output_image1356069461-1769193975720.jpg?fit=1200%2C674&ssl=1&resize=700%2C400 2x, https:\/\/i0.wp.com\/tvpnoticias.com.mx\/wp-content\/uploads\/2026\/01\/image_editor_output_image1356069461-1769193975720.jpg?fit=1200%2C674&ssl=1&resize=1050%2C600 3x"},"classes":[]},{"id":32047,"url":"https:\/\/tvpnoticias.com.mx\/?p=32047","url_meta":{"origin":35027,"position":3},"title":"Seguridad Municipal recibe respaldo hist\u00f3rico en todo el Estado","author":"Gamaliel Rodr\u00edguez","date":"5 de enero de 2026","format":false,"excerpt":"Equipamiento, capacitaci\u00f3n y coordinaci\u00f3n fortalecen la presencia policial en las cuatro regiones de San Luis Potos\u00ed La seguridad en los municipios de San Luis Potos\u00ed dio un paso firme en 2025 con el fortalecimiento de las corporaciones locales, gracias a la entrega de 106 patrullas a 31 ayuntamientos de las\u2026","rel":"","context":"En \u00abEstado\u00bb","block_context":{"text":"Estado","link":"https:\/\/tvpnoticias.com.mx\/?cat=537396"},"img":{"alt_text":"","src":"https:\/\/i0.wp.com\/tvpnoticias.com.mx\/wp-content\/uploads\/2026\/01\/image_editor_output_image-1009023913-1767632267305.jpg?fit=1200%2C674&ssl=1&resize=350%2C200","width":350,"height":200,"srcset":"https:\/\/i0.wp.com\/tvpnoticias.com.mx\/wp-content\/uploads\/2026\/01\/image_editor_output_image-1009023913-1767632267305.jpg?fit=1200%2C674&ssl=1&resize=350%2C200 1x, https:\/\/i0.wp.com\/tvpnoticias.com.mx\/wp-content\/uploads\/2026\/01\/image_editor_output_image-1009023913-1767632267305.jpg?fit=1200%2C674&ssl=1&resize=525%2C300 1.5x, https:\/\/i0.wp.com\/tvpnoticias.com.mx\/wp-content\/uploads\/2026\/01\/image_editor_output_image-1009023913-1767632267305.jpg?fit=1200%2C674&ssl=1&resize=700%2C400 2x, https:\/\/i0.wp.com\/tvpnoticias.com.mx\/wp-content\/uploads\/2026\/01\/image_editor_output_image-1009023913-1767632267305.jpg?fit=1200%2C674&ssl=1&resize=1050%2C600 3x"},"classes":[]},{"id":22142,"url":"https:\/\/tvpnoticias.com.mx\/?p=22142","url_meta":{"origin":35027,"position":4},"title":"Refuerzan coordinaci\u00f3n para fortalecer seguridad en Matehuala","author":"Gamaliel Rodr\u00edguez","date":"31 de enero de 2025","format":false,"excerpt":"El titular de la SSPCE se reuni\u00f3 con el alcalde de Matehuala, Ra\u00fal Ortega Mart\u00ednez.","rel":"","context":"En \u00abInformaci\u00f3n General\u00bb","block_context":{"text":"Informaci\u00f3n General","link":"https:\/\/tvpnoticias.com.mx\/?cat=27730"},"img":{"alt_text":"","src":"https:\/\/i0.wp.com\/tvpnoticias.com.mx\/wp-content\/uploads\/2025\/01\/image_editor_output_image1316882235-1738347424564.jpg?fit=1129%2C634&ssl=1&resize=350%2C200","width":350,"height":200,"srcset":"https:\/\/i0.wp.com\/tvpnoticias.com.mx\/wp-content\/uploads\/2025\/01\/image_editor_output_image1316882235-1738347424564.jpg?fit=1129%2C634&ssl=1&resize=350%2C200 1x, https:\/\/i0.wp.com\/tvpnoticias.com.mx\/wp-content\/uploads\/2025\/01\/image_editor_output_image1316882235-1738347424564.jpg?fit=1129%2C634&ssl=1&resize=525%2C300 1.5x, https:\/\/i0.wp.com\/tvpnoticias.com.mx\/wp-content\/uploads\/2025\/01\/image_editor_output_image1316882235-1738347424564.jpg?fit=1129%2C634&ssl=1&resize=700%2C400 2x, https:\/\/i0.wp.com\/tvpnoticias.com.mx\/wp-content\/uploads\/2025\/01\/image_editor_output_image1316882235-1738347424564.jpg?fit=1129%2C634&ssl=1&resize=1050%2C600 3x"},"classes":[]},{"id":22125,"url":"https:\/\/tvpnoticias.com.mx\/?p=22125","url_meta":{"origin":35027,"position":5},"title":"Dos camionetas aseguradas y dos patrullas da\u00f1adas saldo del operativo en Laguna del Mante","author":"tvpnoticias","date":"31 de enero de 2025","format":false,"excerpt":"*Una de las unidades aseguradas contaba con reporte de robo en el centro de Matehuala Ciudad Valles, S.L.P. \u2013 La Guardia Civil Estatal, en coordinaci\u00f3n con fuerzas federales y municipales, mantiene operativos en las franjas divisorias con estados vecinos como parte de las estrategias de seguridad y prevenci\u00f3n del delito.\u2026","rel":"","context":"En \u00abSeguridad\u00bb","block_context":{"text":"Seguridad","link":"https:\/\/tvpnoticias.com.mx\/?cat=537028"},"img":{"alt_text":"","src":"https:\/\/i0.wp.com\/tvpnoticias.com.mx\/wp-content\/uploads\/2025\/01\/Unknown-4-3.jpeg?fit=1200%2C797&ssl=1&resize=350%2C200","width":350,"height":200,"srcset":"https:\/\/i0.wp.com\/tvpnoticias.com.mx\/wp-content\/uploads\/2025\/01\/Unknown-4-3.jpeg?fit=1200%2C797&ssl=1&resize=350%2C200 1x, https:\/\/i0.wp.com\/tvpnoticias.com.mx\/wp-content\/uploads\/2025\/01\/Unknown-4-3.jpeg?fit=1200%2C797&ssl=1&resize=525%2C300 1.5x, https:\/\/i0.wp.com\/tvpnoticias.com.mx\/wp-content\/uploads\/2025\/01\/Unknown-4-3.jpeg?fit=1200%2C797&ssl=1&resize=700%2C400 2x, https:\/\/i0.wp.com\/tvpnoticias.com.mx\/wp-content\/uploads\/2025\/01\/Unknown-4-3.jpeg?fit=1200%2C797&ssl=1&resize=1050%2C600 3x"},"classes":[]}],"_links":{"self":[{"href":"https:\/\/tvpnoticias.com.mx\/index.php?rest_route=\/wp\/v2\/posts\/35027","targetHints":{"allow":["GET"]}}],"collection":[{"href":"https:\/\/tvpnoticias.com.mx\/index.php?rest_route=\/wp\/v2\/posts"}],"about":[{"href":"https:\/\/tvpnoticias.com.mx\/index.php?rest_route=\/wp\/v2\/types\/post"}],"author":[{"embeddable":true,"href":"https:\/\/tvpnoticias.com.mx\/index.php?rest_route=\/wp\/v2\/users\/232456897"}],"replies":[{"embeddable":true,"href":"https:\/\/tvpnoticias.com.mx\/index.php?rest_route=%2Fwp%2Fv2%2Fcomments&post=35027"}],"version-history":[{"count":2,"href":"https:\/\/tvpnoticias.com.mx\/index.php?rest_route=\/wp\/v2\/posts\/35027\/revisions"}],"predecessor-version":[{"id":35050,"href":"https:\/\/tvpnoticias.com.mx\/index.php?rest_route=\/wp\/v2\/posts\/35027\/revisions\/35050"}],"wp:featuredmedia":[{"embeddable":true,"href":"https:\/\/tvpnoticias.com.mx\/index.php?rest_route=\/wp\/v2\/media\/35026"}],"wp:attachment":[{"href":"https:\/\/tvpnoticias.com.mx\/index.php?rest_route=%2Fwp%2Fv2%2Fmedia&parent=35027"}],"wp:term":[{"taxonomy":"category","embeddable":true,"href":"https:\/\/tvpnoticias.com.mx\/index.php?rest_route=%2Fwp%2Fv2%2Fcategories&post=35027"},{"taxonomy":"post_tag","embeddable":true,"href":"https:\/\/tvpnoticias.com.mx\/index.php?rest_route=%2Fwp%2Fv2%2Ftags&post=35027"}],"curies":[{"name":"wp","href":"https:\/\/api.w.org\/{rel}","templated":true}]}}