{"id":35013,"date":"2026-04-22T21:00:36","date_gmt":"2026-04-23T03:00:36","guid":{"rendered":"https:\/\/tvpnoticias.com.mx\/?p=35013"},"modified":"2026-04-22T21:00:36","modified_gmt":"2026-04-23T03:00:36","slug":"condones-subiran-hasta-30-por-conflicto-en-iran","status":"publish","type":"post","link":"https:\/\/tvpnoticias.com.mx\/?p=35013","title":{"rendered":"Condones subir\u00e1n hasta 30% por conflicto en Ir\u00e1n"},"content":{"rendered":"\n<p class=\"wp-block-paragraph\"><br><br>El encarecimiento de materias primas y las interrupciones en la cadena de suministro global provocadas por la guerra en Ir\u00e1n est\u00e1n detr\u00e1s del ajuste de precios anunciado por el mayor fabricante mundial de preservativos.<br><br>El mercado global de preservativos enfrenta un nuevo incremento en sus costos. Karex, considerado el principal fabricante del mundo, prev\u00e9 aumentar los precios de sus productos entre 20% y 30%, como consecuencia directa de las afectaciones generadas por la guerra en Ir\u00e1n y el encarecimiento de insumos clave.<br><br>De acuerdo con informaci\u00f3n difundida por Reuters, la empresa con sede en Malasia ha registrado alzas importantes en materias primas como caucho sint\u00e9tico, nitrilo, aluminio y silicona, elementos indispensables para la producci\u00f3n de condones. Estos insumos provienen en gran medida de la industria petroqu\u00edmica, la cual ha sido impactada por las tensiones en Medio Oriente.<br><br>La compa\u00f1\u00eda explic\u00f3 que, adem\u00e1s del incremento en costos, tambi\u00e9n enfrenta retrasos en la cadena log\u00edstica internacional, lo que ha complicado el abastecimiento y distribuci\u00f3n de sus productos en distintos mercados. A esto se suma un aumento en la demanda global, lo que ha reducido los niveles de inventario disponibles.<br><br>Karex produce alrededor del 20% de los preservativos que se consumen en el mundo y abastece tanto a marcas comerciales como a programas de salud p\u00fablica y organismos internacionales. La empresa advirti\u00f3 que, si el conflicto se prolonga, no se descartan nuevos ajustes al alza en sus precios.<br><br>El encarecimiento de estos productos se suma a otros efectos econ\u00f3micos derivados de la guerra, que han impactado sectores como energ\u00eda, transporte y alimentos a nivel global.<\/p>\n","protected":false},"excerpt":{"rendered":"<p>El encarecimiento de materias primas y las interrupciones en la cadena de suministro global provocadas por la guerra en Ir\u00e1n est\u00e1n detr\u00e1s del ajuste de precios anunciado por el mayor fabricante mundial de preservativos. El mercado global de preservativos enfrenta &hellip; <a href=\"https:\/\/tvpnoticias.com.mx\/?p=35013\" class=\"more-link\">Contin\u00faa leyendo <span class=\"screen-reader-text\">Condones subir\u00e1n hasta 30% por conflicto en Ir\u00e1n<\/span><\/a><\/p>\n","protected":false},"author":232456897,"featured_media":35012,"comment_status":"open","ping_status":"open","sticky":false,"template":"","format":"standard","meta":{"_crdt_document":"","rop_custom_images_group":[],"rop_custom_messages_group":[],"rop_publish_now":"initial","rop_publish_now_accounts":{"facebook_8025747037436539_114477521595495":""},"rop_publish_now_history":[],"rop_publish_now_status":"pending","advanced_seo_description":"","jetpack_seo_html_title":"","jetpack_seo_noindex":false,"_jetpack_newsletter_access":"","_jetpack_dont_email_post_to_subs":false,"_jetpack_newsletter_tier_id":0,"_jetpack_memberships_contains_paywalled_content":false,"_jetpack_memberships_contains_paid_content":false,"footnotes":"","jetpack_publicize_message":"#Mundo | El encarecimiento de estos productos se suma a otros efectos econ\u00f3micos derivados de la guerra, que han impactado sectores como energ\u00eda, transporte y alimentos a nivel global\n\n#TVP #Noticias #ElPoderDeLaInformaci\u00f3n","jetpack_publicize_feature_enabled":true,"jetpack_social_post_already_shared":true,"jetpack_social_options":{"image_generator_settings":{"template":"highway","default_image_id":0,"font":"","enabled":false},"version":2},"_wpas_customize_per_network":false,"jetpack_post_was_ever_published":false},"categories":[27730,783,537185],"tags":[537225,29750,537254],"class_list":{"0":"post-35013","1":"post","2":"type-post","3":"status-publish","4":"format-standard","5":"has-post-thumbnail","6":"hentry","7":"category-informacion-general","8":"category-mexico","9":"category-vida-sana","10":"tag-mundo","11":"tag-portada","12":"tag-vida","14":"fallback-thumbnail"},"jetpack_publicize_connections":[],"jetpack_featured_media_url":"https:\/\/i0.wp.com\/tvpnoticias.com.mx\/wp-content\/uploads\/2026\/04\/image_editor_output_image-759427859-1776887629267.png?fit=1280%2C720&ssl=1","jetpack_likes_enabled":false,"jetpack_sharing_enabled":true,"jetpack_shortlink":"https:\/\/wp.me\/peDonN-96J","jetpack-related-posts":[{"id":34618,"url":"https:\/\/tvpnoticias.com.mx\/?p=34618","url_meta":{"origin":35013,"position":0},"title":"\u00bfPor qu\u00e9 el Estrecho de Ormuz es vital para el petr\u00f3leo?","author":"Gamaliel Rodr\u00edguez","date":"9 de abril de 2026","format":false,"excerpt":"La tensi\u00f3n en esta ruta energ\u00e9tica podr\u00eda tener efectos en los precios de combustibles en M\u00e9xicoEl Estrecho de Ormuz se ha convertido nuevamente en un punto cr\u00edtico a nivel mundial debido al incremento de tensiones en Medio Oriente. Esta franja mar\u00edtima conecta el Golfo P\u00e9rsico con el oc\u00e9ano abierto y\u2026","rel":"","context":"En \u00abInformaci\u00f3n General\u00bb","block_context":{"text":"Informaci\u00f3n General","link":"https:\/\/tvpnoticias.com.mx\/?cat=27730"},"img":{"alt_text":"","src":"https:\/\/i0.wp.com\/tvpnoticias.com.mx\/wp-content\/uploads\/2026\/04\/image_editor_output_image10325267-1775752982101.png?fit=1200%2C675&ssl=1&resize=350%2C200","width":350,"height":200,"srcset":"https:\/\/i0.wp.com\/tvpnoticias.com.mx\/wp-content\/uploads\/2026\/04\/image_editor_output_image10325267-1775752982101.png?fit=1200%2C675&ssl=1&resize=350%2C200 1x, https:\/\/i0.wp.com\/tvpnoticias.com.mx\/wp-content\/uploads\/2026\/04\/image_editor_output_image10325267-1775752982101.png?fit=1200%2C675&ssl=1&resize=525%2C300 1.5x, https:\/\/i0.wp.com\/tvpnoticias.com.mx\/wp-content\/uploads\/2026\/04\/image_editor_output_image10325267-1775752982101.png?fit=1200%2C675&ssl=1&resize=700%2C400 2x, https:\/\/i0.wp.com\/tvpnoticias.com.mx\/wp-content\/uploads\/2026\/04\/image_editor_output_image10325267-1775752982101.png?fit=1200%2C675&ssl=1&resize=1050%2C600 3x"},"classes":[]},{"id":33390,"url":"https:\/\/tvpnoticias.com.mx\/?p=33390","url_meta":{"origin":35013,"position":1},"title":"Inflaci\u00f3n repunta y encarece la despensa b\u00e1sica","author":"Gamaliel Rodr\u00edguez","date":"25 de febrero de 2026","format":false,"excerpt":"Jitomate y lim\u00f3n lideran las alzas en la primera quincena de febreroLa inflaci\u00f3n en M\u00e9xico volvi\u00f3 a tomar fuerza durante la primera quincena de febrero, al ubicarse en 3.92 por ciento anual, de acuerdo con el m\u00e1s reciente reporte del Instituto Nacional de Estad\u00edstica y Geograf\u00eda. El avance se reflej\u00f3\u2026","rel":"","context":"En \u00abInformaci\u00f3n General\u00bb","block_context":{"text":"Informaci\u00f3n General","link":"https:\/\/tvpnoticias.com.mx\/?cat=27730"},"img":{"alt_text":"","src":"","width":0,"height":0},"classes":[]},{"id":33082,"url":"https:\/\/tvpnoticias.com.mx\/?p=33082","url_meta":{"origin":35013,"position":2},"title":"Flores y cenas elevar\u00e1n el costo del 14 de febrero","author":"Gamaliel Rodr\u00edguez","date":"12 de febrero de 2026","format":false,"excerpt":"La inflaci\u00f3n impacta los productos y servicios m\u00e1s demandados durante el D\u00eda del Amor y la Amistad.Celebrar el 14 de febrero ser\u00e1 m\u00e1s caro este a\u00f1o, ya que el gasto promedio para festejar el D\u00eda del Amor y la Amistad podr\u00eda superar los 3 mil pesos, debido al aumento en\u2026","rel":"","context":"En \u00abInformaci\u00f3n General\u00bb","block_context":{"text":"Informaci\u00f3n General","link":"https:\/\/tvpnoticias.com.mx\/?cat=27730"},"img":{"alt_text":"","src":"https:\/\/i0.wp.com\/tvpnoticias.com.mx\/wp-content\/uploads\/2026\/02\/image_editor_output_image1758480640-1770912317403.jpg?fit=694%2C390&ssl=1&resize=350%2C200","width":350,"height":200,"srcset":"https:\/\/i0.wp.com\/tvpnoticias.com.mx\/wp-content\/uploads\/2026\/02\/image_editor_output_image1758480640-1770912317403.jpg?fit=694%2C390&ssl=1&resize=350%2C200 1x, https:\/\/i0.wp.com\/tvpnoticias.com.mx\/wp-content\/uploads\/2026\/02\/image_editor_output_image1758480640-1770912317403.jpg?fit=694%2C390&ssl=1&resize=525%2C300 1.5x"},"classes":[]},{"id":21012,"url":"https:\/\/tvpnoticias.com.mx\/?p=21012","url_meta":{"origin":35013,"position":3},"title":"Estos son los productos de pan que aumentan de precio","author":"Gamaliel Rodr\u00edguez","date":"26 de diciembre de 2024","format":false,"excerpt":"Los consumidores podr\u00edan enfrentar m\u00e1s aumentos por parte de otras compa\u00f1\u00edas en el corto plazo, dado el impacto en la cadena de suministro global.","rel":"","context":"En \u00abInformaci\u00f3n General\u00bb","block_context":{"text":"Informaci\u00f3n General","link":"https:\/\/tvpnoticias.com.mx\/?cat=27730"},"img":{"alt_text":"","src":"https:\/\/i0.wp.com\/tvpnoticias.com.mx\/wp-content\/uploads\/2024\/12\/image_editor_output_image117124969-1735154036135.jpg?fit=640%2C359&ssl=1&resize=350%2C200","width":350,"height":200,"srcset":"https:\/\/i0.wp.com\/tvpnoticias.com.mx\/wp-content\/uploads\/2024\/12\/image_editor_output_image117124969-1735154036135.jpg?fit=640%2C359&ssl=1&resize=350%2C200 1x, https:\/\/i0.wp.com\/tvpnoticias.com.mx\/wp-content\/uploads\/2024\/12\/image_editor_output_image117124969-1735154036135.jpg?fit=640%2C359&ssl=1&resize=525%2C300 1.5x"},"classes":[]},{"id":32153,"url":"https:\/\/tvpnoticias.com.mx\/?p=32153","url_meta":{"origin":35013,"position":4},"title":"Subir\u00e1n precios en Shein, Temu y AliExpress por nuevos aranceles","author":"Gamaliel Rodr\u00edguez","date":"10 de enero de 2026","format":false,"excerpt":"Comprar en plataformas internacionales de comercio electr\u00f3nico ser\u00e1 m\u00e1s caro. A partir de nuevas disposiciones en materia de comercio exterior, los precios en tiendas como Shein, Temu y AliExpress registrar\u00e1n incrementos que impactar\u00e1n directamente a los consumidores en M\u00e9xico.El aumento se debe a la aplicaci\u00f3n de aranceles temporales a productos\u2026","rel":"","context":"En \u00abInformaci\u00f3n General\u00bb","block_context":{"text":"Informaci\u00f3n General","link":"https:\/\/tvpnoticias.com.mx\/?cat=27730"},"img":{"alt_text":"","src":"https:\/\/i0.wp.com\/tvpnoticias.com.mx\/wp-content\/uploads\/2026\/01\/image_editor_output_image-1696974052-1767922783224.jpg?fit=678%2C381&ssl=1&resize=350%2C200","width":350,"height":200,"srcset":"https:\/\/i0.wp.com\/tvpnoticias.com.mx\/wp-content\/uploads\/2026\/01\/image_editor_output_image-1696974052-1767922783224.jpg?fit=678%2C381&ssl=1&resize=350%2C200 1x, https:\/\/i0.wp.com\/tvpnoticias.com.mx\/wp-content\/uploads\/2026\/01\/image_editor_output_image-1696974052-1767922783224.jpg?fit=678%2C381&ssl=1&resize=525%2C300 1.5x"},"classes":[]},{"id":22595,"url":"https:\/\/tvpnoticias.com.mx\/?p=22595","url_meta":{"origin":35013,"position":5},"title":"Vive el placer, protege tu salud. D\u00eda del Cond\u00f3n","author":"Gamaliel Rodr\u00edguez","date":"13 de febrero de 2025","format":false,"excerpt":"Esta celebraci\u00f3n responde a la necesidad de promover la salud sexual e incentivar el uso correcto del cond\u00f3n y colocarlo como el elemento principal en las estrategias de prevenci\u00f3n de infecciones y embarazos no planeados.","rel":"","context":"En \u00abInformaci\u00f3n General\u00bb","block_context":{"text":"Informaci\u00f3n General","link":"https:\/\/tvpnoticias.com.mx\/?cat=27730"},"img":{"alt_text":"","src":"https:\/\/i0.wp.com\/tvpnoticias.com.mx\/wp-content\/uploads\/2025\/02\/image_editor_output_image1225650244-1739461619781-1.jpg?fit=739%2C415&ssl=1&resize=350%2C200","width":350,"height":200,"srcset":"https:\/\/i0.wp.com\/tvpnoticias.com.mx\/wp-content\/uploads\/2025\/02\/image_editor_output_image1225650244-1739461619781-1.jpg?fit=739%2C415&ssl=1&resize=350%2C200 1x, https:\/\/i0.wp.com\/tvpnoticias.com.mx\/wp-content\/uploads\/2025\/02\/image_editor_output_image1225650244-1739461619781-1.jpg?fit=739%2C415&ssl=1&resize=525%2C300 1.5x, https:\/\/i0.wp.com\/tvpnoticias.com.mx\/wp-content\/uploads\/2025\/02\/image_editor_output_image1225650244-1739461619781-1.jpg?fit=739%2C415&ssl=1&resize=700%2C400 2x"},"classes":[]}],"_links":{"self":[{"href":"https:\/\/tvpnoticias.com.mx\/index.php?rest_route=\/wp\/v2\/posts\/35013","targetHints":{"allow":["GET"]}}],"collection":[{"href":"https:\/\/tvpnoticias.com.mx\/index.php?rest_route=\/wp\/v2\/posts"}],"about":[{"href":"https:\/\/tvpnoticias.com.mx\/index.php?rest_route=\/wp\/v2\/types\/post"}],"author":[{"embeddable":true,"href":"https:\/\/tvpnoticias.com.mx\/index.php?rest_route=\/wp\/v2\/users\/232456897"}],"replies":[{"embeddable":true,"href":"https:\/\/tvpnoticias.com.mx\/index.php?rest_route=%2Fwp%2Fv2%2Fcomments&post=35013"}],"version-history":[{"count":1,"href":"https:\/\/tvpnoticias.com.mx\/index.php?rest_route=\/wp\/v2\/posts\/35013\/revisions"}],"predecessor-version":[{"id":35025,"href":"https:\/\/tvpnoticias.com.mx\/index.php?rest_route=\/wp\/v2\/posts\/35013\/revisions\/35025"}],"wp:featuredmedia":[{"embeddable":true,"href":"https:\/\/tvpnoticias.com.mx\/index.php?rest_route=\/wp\/v2\/media\/35012"}],"wp:attachment":[{"href":"https:\/\/tvpnoticias.com.mx\/index.php?rest_route=%2Fwp%2Fv2%2Fmedia&parent=35013"}],"wp:term":[{"taxonomy":"category","embeddable":true,"href":"https:\/\/tvpnoticias.com.mx\/index.php?rest_route=%2Fwp%2Fv2%2Fcategories&post=35013"},{"taxonomy":"post_tag","embeddable":true,"href":"https:\/\/tvpnoticias.com.mx\/index.php?rest_route=%2Fwp%2Fv2%2Ftags&post=35013"}],"curies":[{"name":"wp","href":"https:\/\/api.w.org\/{rel}","templated":true}]}}