{"id":35007,"date":"2026-04-22T20:00:09","date_gmt":"2026-04-23T02:00:09","guid":{"rendered":"https:\/\/tvpnoticias.com.mx\/?p=35007"},"modified":"2026-04-22T16:08:51","modified_gmt":"2026-04-22T22:08:51","slug":"juventud-del-altiplano-busca-abrirse-camino-en-la-musica-regional","status":"publish","type":"post","link":"https:\/\/tvpnoticias.com.mx\/?p=35007","title":{"rendered":"Juventud del Altiplano busca abrirse camino en la m\u00fasica regional"},"content":{"rendered":"<p><span data-contrast=\"auto\">Los j\u00f3venes casi no ocupan titulares. Aun as\u00ed, est\u00e1n creando m\u00fasica, identidad y caminos propios. Sus voces comienzan a abrirse paso con sus propios medios, aunque pocas veces se les vea<\/span><span data-ccp-props=\"{\" _6_335551620_6_=\"_335551550_:_6_335551620_6_\"> <\/span><\/p>\n<p><span data-contrast=\"auto\">En este contexto, desde Matehuala surge el proyecto de <\/span><span data-contrast=\"auto\">C\u00e9sar<\/span><span data-contrast=\"auto\"> <\/span><span data-contrast=\"auto\">Jaziel Mart\u00ednez, conocido como Yng Ziel, un joven de 16 anos que forma parte de una generaci\u00f3n que intenta abrir espacio en la m\u00fasica regional mexicana desde la autogesti\u00f3n y las plataformas digitales. <\/span><\/p>\n<p><span data-contrast=\"auto\">Su historia comienza en casa. Creci\u00f3 rodeado de distintas influencias gracias a su entorno familiar, donde el rock estuvo presente desde temprana edad con bandas como Soda Stereo y Pink Floyd.<\/p>\n<p>Con el paso del tiempo, su rumbo se inclin\u00f3 hacia el regional mexicano, impulsado por figura como Ariel Camacho, a quien considera una referencia importante en su desarrollo art\u00edstico. <\/span><\/p>\n<p><span data-contrast=\"auto\">El nombre que utiliza en la musica Yng Ziel responde a una construcci\u00f3n personal de identidad. \u201cYng\u201d representa la etapa juvenil en la que inicia su proyecto musical, mientras que \u201cZiel\u201d proviene de su nombre, Jaziel, como una forma de mantener presente su origen dentro de su propuesta. <\/span><\/p>\n<p><span data-contrast=\"auto\">En una regi\u00f3n donde los espacios de difusi\u00f3n para nuevos talentos son limitados, los j\u00f3venes artistas han encontrado en las plataformas digitales una herramienta clave para comenzar a posicionarse. Su m\u00fasica ya se encuentra disponible en servicios de streaming como <a href=\"https:\/\/open.spotify.com\/artist\/4yEEnbewJqJ38DCYFh5a0e?si=6NiX4OWCSM-pJ2wHKc2Diw%0A\">Spotify<\/a>, donde ha comenzado a compartir sus primeros trabajos de manera independiente. <\/span><\/p>\n<p><span data-contrast=\"auto\">Aunque su proyecto apenas comienza, su caso refleja una realidad m\u00e1s amplia en Matehuala y su entorno, donde existen espacios e iniciativas institucionales de apoyo a la juventud, pero su alcance no siempre se traduce en una presencia visible para quienes inician en el \u00e1mbito musical, lo que obliga a muchos j\u00f3venes artistas a construir sus propios caminos de difusi\u00f3n. <\/span><\/p>\n<p><span data-contrast=\"auto\">En ese panorama, la m\u00fasica se convierte en una forma de expresi\u00f3n y tambi\u00e9n en una v\u00eda de b\u00fasqueda de reconocimiento para una generaci\u00f3n que intenta posicionarse desde lo local hasta lo estatal. <\/span><\/p>\n<p><span data-contrast=\"auto\">El surgimiento de propuestas como la de Yng Ziel evidencia un movimiento juvenil que, aunque a\u00fan discreto, comienza a tomar forma en la regi\u00f3n, donde las nuevas voces buscan hacerse escuchar m\u00e1s all\u00e1 de sus propios limites. <\/span><\/p>\n","protected":false},"excerpt":{"rendered":"<p>Los j\u00f3venes casi no ocupan titulares. Aun as\u00ed, est\u00e1n creando m\u00fasica, identidad y caminos propios. Sus voces comienzan a abrirse paso con sus propios medios, aunque pocas veces se les vea En este contexto, desde Matehuala surge el proyecto de &hellip; <a href=\"https:\/\/tvpnoticias.com.mx\/?p=35007\" class=\"more-link\">Contin\u00faa leyendo <span class=\"screen-reader-text\">Juventud del Altiplano busca abrirse camino en la m\u00fasica regional<\/span><\/a><\/p>\n","protected":false},"author":232456897,"featured_media":35010,"comment_status":"open","ping_status":"open","sticky":false,"template":"","format":"standard","meta":{"_crdt_document":"","rop_custom_images_group":[],"rop_custom_messages_group":[],"rop_publish_now":"initial","rop_publish_now_accounts":{"facebook_8025747037436539_114477521595495":""},"rop_publish_now_history":[],"rop_publish_now_status":"pending","advanced_seo_description":"","jetpack_seo_html_title":"","jetpack_seo_noindex":false,"_jetpack_newsletter_access":"","_jetpack_dont_email_post_to_subs":false,"_jetpack_newsletter_tier_id":0,"_jetpack_memberships_contains_paywalled_content":false,"_jetpack_memberships_contains_paid_content":false,"footnotes":"","jetpack_publicize_message":"#Matehuala | En Matehuala y la regi\u00f3n, la m\u00fasica juvenil empieza a abrirse paso desde lo independiente\n\n#TVP #Noticias #ElPoderDeLaInformaci\u00f3n","jetpack_publicize_feature_enabled":true,"jetpack_social_post_already_shared":true,"jetpack_social_options":{"image_generator_settings":{"template":"highway","default_image_id":0,"font":"","enabled":false},"version":2},"_wpas_customize_per_network":false,"jetpack_post_was_ever_published":false},"categories":[19762,27730,49001],"tags":[537247,537272,537048,29750],"class_list":{"0":"post-35007","1":"post","2":"type-post","3":"status-publish","4":"format-standard","5":"has-post-thumbnail","6":"hentry","7":"category-espectaculos","8":"category-informacion-general","9":"category-locales","10":"tag-espectaculos","11":"tag-jovenes","12":"tag-matehuala","13":"tag-portada","15":"fallback-thumbnail"},"jetpack_publicize_connections":[],"jetpack_featured_media_url":"https:\/\/i0.wp.com\/tvpnoticias.com.mx\/wp-content\/uploads\/2026\/04\/image_editor_output_image-498338326-1776887244937.png?fit=1280%2C720&ssl=1","jetpack_likes_enabled":false,"jetpack_sharing_enabled":true,"jetpack_shortlink":"https:\/\/wp.me\/peDonN-96D","jetpack-related-posts":[{"id":23720,"url":"https:\/\/tvpnoticias.com.mx\/?p=23720","url_meta":{"origin":35007,"position":0},"title":"Grupo de Pa\u00edses Bajos se presentar\u00e1 en el teatro Oth\u00f3n","author":"Gamaliel Rodr\u00edguez","date":"21 de marzo de 2025","format":false,"excerpt":"Con la participaci\u00f3n del grupo Sam Ghezzi Blues Band, procedente de Amsterdam, Pa\u00edses Bajos; este s\u00e1bado 22 de marzo, se realizar\u00e1 el esperado concierto, en el Teatro Manuel Jos\u00e9 Oth\u00f3n, a las 20.00 horas. La banda, ya ha creado piezas con diferentes estilos en el blues, como el shuffle, jump\u2026","rel":"","context":"En \u00abEspect\u00e1culos\u00bb","block_context":{"text":"Espect\u00e1culos","link":"https:\/\/tvpnoticias.com.mx\/?cat=19762"},"img":{"alt_text":"","src":"https:\/\/i0.wp.com\/tvpnoticias.com.mx\/wp-content\/uploads\/2025\/03\/image_editor_output_image-993243271-1742523243231.jpg?fit=495%2C278&ssl=1&resize=350%2C200","width":350,"height":200},"classes":[]},{"id":26032,"url":"https:\/\/tvpnoticias.com.mx\/?p=26032","url_meta":{"origin":35007,"position":1},"title":"Prepa UASLP consolida su legado art\u00edstico con nuevo musical","author":"Gamaliel Rodr\u00edguez","date":"5 de junio de 2025","format":false,"excerpt":"Desde el 2007, la Escuela Preparatoria de Matehuala se ha destacado por la calidad de sus producciones que aglutinan m\u00fasica, danza, artes esc\u00e9nicas y artes visuales Una vez m\u00e1s, la Escuela Preparatoria de Matehuala de la Universidad Aut\u00f3noma de San Luis Potos\u00ed dio muestra del talento de sus estudiantes, quienes\u2026","rel":"","context":"En \u00abEducaci\u00f3n\u00bb","block_context":{"text":"Educaci\u00f3n","link":"https:\/\/tvpnoticias.com.mx\/?cat=537297"},"img":{"alt_text":"","src":"https:\/\/i0.wp.com\/tvpnoticias.com.mx\/wp-content\/uploads\/2025\/06\/image_editor_output_image1075903251-1749151379238.jpg?fit=1200%2C674&ssl=1&resize=350%2C200","width":350,"height":200,"srcset":"https:\/\/i0.wp.com\/tvpnoticias.com.mx\/wp-content\/uploads\/2025\/06\/image_editor_output_image1075903251-1749151379238.jpg?fit=1200%2C674&ssl=1&resize=350%2C200 1x, https:\/\/i0.wp.com\/tvpnoticias.com.mx\/wp-content\/uploads\/2025\/06\/image_editor_output_image1075903251-1749151379238.jpg?fit=1200%2C674&ssl=1&resize=525%2C300 1.5x, https:\/\/i0.wp.com\/tvpnoticias.com.mx\/wp-content\/uploads\/2025\/06\/image_editor_output_image1075903251-1749151379238.jpg?fit=1200%2C674&ssl=1&resize=700%2C400 2x, https:\/\/i0.wp.com\/tvpnoticias.com.mx\/wp-content\/uploads\/2025\/06\/image_editor_output_image1075903251-1749151379238.jpg?fit=1200%2C674&ssl=1&resize=1050%2C600 3x"},"classes":[]},{"id":7980,"url":"https:\/\/tvpnoticias.com.mx\/?p=7980","url_meta":{"origin":35007,"position":2},"title":"Elenco de Vaselina El Musical sostiene encuentro con alcalde de Matehuala","author":"Gamaliel Rodr\u00edguez","date":"29 de diciembre de 2023","format":false,"excerpt":"Este fin de semana el elenco de vaselina el musical sostuvo un encuentro con el presidente municipal de Matehuala Franco Coronado Guerra a quien le presentaron el proyecto e hicieron entrega de una chamarra conmemorativa del musical, el cual se estar\u00e1 presentando en la ciudad de Matehuala el pr\u00f3ximo mes\u2026","rel":"","context":"En \u00abLocales\u00bb","block_context":{"text":"Locales","link":"https:\/\/tvpnoticias.com.mx\/?cat=49001"},"img":{"alt_text":"","src":"https:\/\/i0.wp.com\/tvpnoticias.com.mx\/wp-content\/uploads\/2023\/12\/IMG-20231229-WA0043.jpg?fit=1024%2C768&ssl=1&resize=350%2C200","width":350,"height":200,"srcset":"https:\/\/i0.wp.com\/tvpnoticias.com.mx\/wp-content\/uploads\/2023\/12\/IMG-20231229-WA0043.jpg?fit=1024%2C768&ssl=1&resize=350%2C200 1x, https:\/\/i0.wp.com\/tvpnoticias.com.mx\/wp-content\/uploads\/2023\/12\/IMG-20231229-WA0043.jpg?fit=1024%2C768&ssl=1&resize=525%2C300 1.5x, https:\/\/i0.wp.com\/tvpnoticias.com.mx\/wp-content\/uploads\/2023\/12\/IMG-20231229-WA0043.jpg?fit=1024%2C768&ssl=1&resize=700%2C400 2x"},"classes":[]},{"id":572,"url":"https:\/\/tvpnoticias.com.mx\/?p=572","url_meta":{"origin":35007,"position":3},"title":"Once finalistas del primer Concurso Infantil de Canto organizado por el DIF Municipal","author":"tvpnoticias","date":"25 de abril de 2023","format":false,"excerpt":"Con gran \u00e9xito el pasado fin de semana se celebr\u00f3 el primer concurso infantil de canto que convoc\u00f3 el Sistema Municipal DIF de Matehuala, donde participaron un total de 50 ni\u00f1as y ni\u00f1os de la zona urbana y rural. El evento se celebr\u00f3 en las instalaciones del DIF donde decenas\u2026","rel":"","context":"En \u00abInformaci\u00f3n General\u00bb","block_context":{"text":"Informaci\u00f3n General","link":"https:\/\/tvpnoticias.com.mx\/?cat=27730"},"img":{"alt_text":"","src":"https:\/\/i0.wp.com\/tvpnoticias.com.mx\/wp-content\/uploads\/2023\/04\/Unknown-2-1.jpeg?fit=1024%2C683&ssl=1&resize=350%2C200","width":350,"height":200,"srcset":"https:\/\/i0.wp.com\/tvpnoticias.com.mx\/wp-content\/uploads\/2023\/04\/Unknown-2-1.jpeg?fit=1024%2C683&ssl=1&resize=350%2C200 1x, https:\/\/i0.wp.com\/tvpnoticias.com.mx\/wp-content\/uploads\/2023\/04\/Unknown-2-1.jpeg?fit=1024%2C683&ssl=1&resize=525%2C300 1.5x, https:\/\/i0.wp.com\/tvpnoticias.com.mx\/wp-content\/uploads\/2023\/04\/Unknown-2-1.jpeg?fit=1024%2C683&ssl=1&resize=700%2C400 2x"},"classes":[]},{"id":27802,"url":"https:\/\/tvpnoticias.com.mx\/?p=27802","url_meta":{"origin":35007,"position":4},"title":"Cedral canta con homenaje a Juan Gabriel en la FERECE 2025","author":"Gamaliel Rodr\u00edguez","date":"7 de agosto de 2025","format":false,"excerpt":"En el marco del programa cultural de la Feria Regional de Cedral (FERECE), la noche del mi\u00e9rcoles se vivi\u00f3 una velada inolvidable con la presentaci\u00f3n del homenaje a Juan Gabriel, a cargo del talentoso Alex Romero, quien emocion\u00f3 al p\u00fablico con una interpretaci\u00f3n cargada de sentimiento, acompa\u00f1ado por talentosos m\u00fasicos.El\u2026","rel":"","context":"En \u00abArte y Cultura\u00bb","block_context":{"text":"Arte y Cultura","link":"https:\/\/tvpnoticias.com.mx\/?cat=537184"},"img":{"alt_text":"","src":"https:\/\/i0.wp.com\/tvpnoticias.com.mx\/wp-content\/uploads\/2025\/08\/image_editor_output_image-591334351-1754586298721.jpg?fit=1200%2C674&ssl=1&resize=350%2C200","width":350,"height":200,"srcset":"https:\/\/i0.wp.com\/tvpnoticias.com.mx\/wp-content\/uploads\/2025\/08\/image_editor_output_image-591334351-1754586298721.jpg?fit=1200%2C674&ssl=1&resize=350%2C200 1x, https:\/\/i0.wp.com\/tvpnoticias.com.mx\/wp-content\/uploads\/2025\/08\/image_editor_output_image-591334351-1754586298721.jpg?fit=1200%2C674&ssl=1&resize=525%2C300 1.5x, https:\/\/i0.wp.com\/tvpnoticias.com.mx\/wp-content\/uploads\/2025\/08\/image_editor_output_image-591334351-1754586298721.jpg?fit=1200%2C674&ssl=1&resize=700%2C400 2x, https:\/\/i0.wp.com\/tvpnoticias.com.mx\/wp-content\/uploads\/2025\/08\/image_editor_output_image-591334351-1754586298721.jpg?fit=1200%2C674&ssl=1&resize=1050%2C600 3x"},"classes":[]},{"id":2678,"url":"https:\/\/tvpnoticias.com.mx\/?p=2678","url_meta":{"origin":35007,"position":5},"title":"24 de agosto, d\u00eda de Matehuala gratis en FENAPO","author":"Gamaliel Rodr\u00edguez","date":"22 de julio de 2023","format":false,"excerpt":"El Gobierno dar\u00e1 apoyo para traslado y en el magno evento habr\u00e1 comida gratis para los matehualenses En su gira del viernes por Matehuala donde inaugur\u00f3 una escuela, arranc\u00f3 obras de pavimentaci\u00f3n e iluminaci\u00f3n y entreg\u00f3 el nuevo edificio de la Vicefiscal\u00eda Cient\u00edfica, el Gobernador de San Luis Potos\u00ed Ricardo\u2026","rel":"","context":"En \u00abEspect\u00e1culos\u00bb","block_context":{"text":"Espect\u00e1culos","link":"https:\/\/tvpnoticias.com.mx\/?cat=19762"},"img":{"alt_text":"","src":"https:\/\/i0.wp.com\/tvpnoticias.com.mx\/wp-content\/uploads\/2023\/07\/672ae1a3-b3bb-4da5-8f17-0fc697ce73c8.jpg?fit=1024%2C682&ssl=1&resize=350%2C200","width":350,"height":200,"srcset":"https:\/\/i0.wp.com\/tvpnoticias.com.mx\/wp-content\/uploads\/2023\/07\/672ae1a3-b3bb-4da5-8f17-0fc697ce73c8.jpg?fit=1024%2C682&ssl=1&resize=350%2C200 1x, https:\/\/i0.wp.com\/tvpnoticias.com.mx\/wp-content\/uploads\/2023\/07\/672ae1a3-b3bb-4da5-8f17-0fc697ce73c8.jpg?fit=1024%2C682&ssl=1&resize=525%2C300 1.5x, https:\/\/i0.wp.com\/tvpnoticias.com.mx\/wp-content\/uploads\/2023\/07\/672ae1a3-b3bb-4da5-8f17-0fc697ce73c8.jpg?fit=1024%2C682&ssl=1&resize=700%2C400 2x"},"classes":[]}],"_links":{"self":[{"href":"https:\/\/tvpnoticias.com.mx\/index.php?rest_route=\/wp\/v2\/posts\/35007","targetHints":{"allow":["GET"]}}],"collection":[{"href":"https:\/\/tvpnoticias.com.mx\/index.php?rest_route=\/wp\/v2\/posts"}],"about":[{"href":"https:\/\/tvpnoticias.com.mx\/index.php?rest_route=\/wp\/v2\/types\/post"}],"author":[{"embeddable":true,"href":"https:\/\/tvpnoticias.com.mx\/index.php?rest_route=\/wp\/v2\/users\/232456897"}],"replies":[{"embeddable":true,"href":"https:\/\/tvpnoticias.com.mx\/index.php?rest_route=%2Fwp%2Fv2%2Fcomments&post=35007"}],"version-history":[{"count":4,"href":"https:\/\/tvpnoticias.com.mx\/index.php?rest_route=\/wp\/v2\/posts\/35007\/revisions"}],"predecessor-version":[{"id":35023,"href":"https:\/\/tvpnoticias.com.mx\/index.php?rest_route=\/wp\/v2\/posts\/35007\/revisions\/35023"}],"wp:featuredmedia":[{"embeddable":true,"href":"https:\/\/tvpnoticias.com.mx\/index.php?rest_route=\/wp\/v2\/media\/35010"}],"wp:attachment":[{"href":"https:\/\/tvpnoticias.com.mx\/index.php?rest_route=%2Fwp%2Fv2%2Fmedia&parent=35007"}],"wp:term":[{"taxonomy":"category","embeddable":true,"href":"https:\/\/tvpnoticias.com.mx\/index.php?rest_route=%2Fwp%2Fv2%2Fcategories&post=35007"},{"taxonomy":"post_tag","embeddable":true,"href":"https:\/\/tvpnoticias.com.mx\/index.php?rest_route=%2Fwp%2Fv2%2Ftags&post=35007"}],"curies":[{"name":"wp","href":"https:\/\/api.w.org\/{rel}","templated":true}]}}