{"id":34877,"date":"2026-04-17T17:00:30","date_gmt":"2026-04-17T23:00:30","guid":{"rendered":"https:\/\/tvpnoticias.com.mx\/?p=34877"},"modified":"2026-04-17T17:00:30","modified_gmt":"2026-04-17T23:00:30","slug":"sheinbaum-anuncia-reapertura-de-caso-contra-naason-joaquin","status":"publish","type":"post","link":"https:\/\/tvpnoticias.com.mx\/?p=34877","title":{"rendered":"Sheinbaum anuncia reapertura de caso contra Naas\u00f3n Joaqu\u00edn"},"content":{"rendered":"\n<p class=\"wp-block-paragraph\"><br><br>La Fiscal\u00eda busca retomar la investigaci\u00f3n en M\u00e9xico por delitos sexuales, tras la impugnaci\u00f3n de v\u00edctimas contra la decisi\u00f3n que fren\u00f3 el proceso en 2025.<br><br>La presidenta Claudia Sheinbaum inform\u00f3 que la Fiscal\u00eda General de la Rep\u00fablica busca reabrir la investigaci\u00f3n contra Naas\u00f3n Joaqu\u00edn Garc\u00eda, l\u00edder de la iglesia La Luz del Mundo, por delitos graves relacionados con abuso y explotaci\u00f3n.<br><br>Durante su conferencia, explic\u00f3 que el proceso est\u00e1 sujeto a una audiencia en la que un juez determinar\u00e1 si se revoca el \u201cno ejercicio de la acci\u00f3n penal\u201d dictado en junio de 2025, cuando la FGR decidi\u00f3 no proceder legalmente en el caso.<br><br>La mandataria detall\u00f3 que dicha resoluci\u00f3n fue impugnada por las v\u00edctimas, lo que abri\u00f3 la posibilidad de que las autoridades retomen las indagatorias. En caso de que el juez revoque esa decisi\u00f3n, la Fiscal\u00eda podr\u00e1 continuar con las investigaciones en territorio nacional.<br><br>Entre los delitos que se buscan investigar nuevamente se encuentran abuso sexual, trata de personas y explotaci\u00f3n sexual de menores, los mismos por los que el l\u00edder religioso ya enfrenta una condena en Estados Unidos.<br><br>El caso ha generado presi\u00f3n social y legal en M\u00e9xico, ya que el cierre previo de la investigaci\u00f3n provoc\u00f3 inconformidad entre denunciantes, quienes buscan que se haga justicia tambi\u00e9n en el pa\u00eds.<\/p>\n","protected":false},"excerpt":{"rendered":"<p>La Fiscal\u00eda busca retomar la investigaci\u00f3n en M\u00e9xico por delitos sexuales, tras la impugnaci\u00f3n de v\u00edctimas contra la decisi\u00f3n que fren\u00f3 el proceso en 2025. La presidenta Claudia Sheinbaum inform\u00f3 que la Fiscal\u00eda General de la Rep\u00fablica busca reabrir la &hellip; <a href=\"https:\/\/tvpnoticias.com.mx\/?p=34877\" class=\"more-link\">Contin\u00faa leyendo <span class=\"screen-reader-text\">Sheinbaum anuncia reapertura de caso contra Naas\u00f3n Joaqu\u00edn<\/span><\/a><\/p>\n","protected":false},"author":232456897,"featured_media":34876,"comment_status":"open","ping_status":"open","sticky":false,"template":"","format":"standard","meta":{"_crdt_document":"","rop_custom_images_group":[],"rop_custom_messages_group":[],"rop_publish_now":"initial","rop_publish_now_accounts":{"facebook_8025747037436539_114477521595495":""},"rop_publish_now_history":[],"rop_publish_now_status":"pending","advanced_seo_description":"","jetpack_seo_html_title":"","jetpack_seo_noindex":false,"_jetpack_newsletter_access":"","_jetpack_dont_email_post_to_subs":false,"_jetpack_newsletter_tier_id":0,"_jetpack_memberships_contains_paywalled_content":false,"_jetpack_memberships_contains_paid_content":false,"footnotes":"","jetpack_publicize_message":"#Nacionales | La Fiscal\u00eda busca retomar la investigaci\u00f3n en M\u00e9xico por delitos sexuales, tras la impugnaci\u00f3n de v\u00edctimas contra la decisi\u00f3n que fren\u00f3 el proceso en 2025\n\n#TVP #Noticias #ElPoderDeLaInformaci\u00f3n","jetpack_publicize_feature_enabled":true,"jetpack_social_post_already_shared":true,"jetpack_social_options":{"image_generator_settings":{"template":"highway","default_image_id":0,"font":"","enabled":false},"version":2},"_wpas_customize_per_network":false,"jetpack_post_was_ever_published":false},"categories":[27730,783],"tags":[537310,537300],"class_list":{"0":"post-34877","1":"post","2":"type-post","3":"status-publish","4":"format-standard","5":"has-post-thumbnail","6":"hentry","7":"category-informacion-general","8":"category-mexico","9":"tag-claudia-sheinbaum","10":"tag-nacionales","12":"fallback-thumbnail"},"jetpack_publicize_connections":[],"jetpack_featured_media_url":"https:\/\/i0.wp.com\/tvpnoticias.com.mx\/wp-content\/uploads\/2026\/04\/image_editor_output_image-1179402621-1776460181411.jpg?fit=726%2C408&ssl=1","jetpack_likes_enabled":false,"jetpack_sharing_enabled":true,"jetpack_shortlink":"https:\/\/wp.me\/peDonN-94x","jetpack-related-posts":[{"id":34117,"url":"https:\/\/tvpnoticias.com.mx\/?p=34117","url_meta":{"origin":34877,"position":0},"title":"Sheinbaum impulsa ley general contra feminicidio","author":"Gamaliel Rodr\u00edguez","date":"24 de marzo de 2026","format":false,"excerpt":"La iniciativa plantea castigos de hasta 70 a\u00f1os de prisi\u00f3n y busca que toda muerte violenta de una mujer sea investigada como feminicidio desde el inicio.La presidenta Claudia Sheinbaum, en coordinaci\u00f3n con la Fiscal\u00eda General de la Rep\u00fablica, present\u00f3 una iniciativa para crear una Ley General contra el feminicidio, con\u2026","rel":"","context":"En \u00abInformaci\u00f3n General\u00bb","block_context":{"text":"Informaci\u00f3n General","link":"https:\/\/tvpnoticias.com.mx\/?cat=27730"},"img":{"alt_text":"","src":"https:\/\/i0.wp.com\/tvpnoticias.com.mx\/wp-content\/uploads\/2026\/03\/image_editor_output_image-885024056-1774373099113.png?fit=1200%2C675&ssl=1&resize=350%2C200","width":350,"height":200,"srcset":"https:\/\/i0.wp.com\/tvpnoticias.com.mx\/wp-content\/uploads\/2026\/03\/image_editor_output_image-885024056-1774373099113.png?fit=1200%2C675&ssl=1&resize=350%2C200 1x, https:\/\/i0.wp.com\/tvpnoticias.com.mx\/wp-content\/uploads\/2026\/03\/image_editor_output_image-885024056-1774373099113.png?fit=1200%2C675&ssl=1&resize=525%2C300 1.5x, https:\/\/i0.wp.com\/tvpnoticias.com.mx\/wp-content\/uploads\/2026\/03\/image_editor_output_image-885024056-1774373099113.png?fit=1200%2C675&ssl=1&resize=700%2C400 2x, https:\/\/i0.wp.com\/tvpnoticias.com.mx\/wp-content\/uploads\/2026\/03\/image_editor_output_image-885024056-1774373099113.png?fit=1200%2C675&ssl=1&resize=1050%2C600 3x"},"classes":[]},{"id":22902,"url":"https:\/\/tvpnoticias.com.mx\/?p=22902","url_meta":{"origin":34877,"position":1},"title":"Sheinbaum reacciona a casos de Lady Uber y Lady UNAM","author":"Gamaliel Rodr\u00edguez","date":"22 de febrero de 2025","format":false,"excerpt":"Ambos casos han desatado indignaci\u00f3n e incluso han derivado en duras cr\u00edticas hacia el feminismo, por ello, la presidenta Claudia Sheinbaum fue cuestionada sobre c\u00f3mo es que las autoridades deber\u00edan abordar estas situaciones.","rel":"","context":"En \u00abInformaci\u00f3n General\u00bb","block_context":{"text":"Informaci\u00f3n General","link":"https:\/\/tvpnoticias.com.mx\/?cat=27730"},"img":{"alt_text":"","src":"https:\/\/i0.wp.com\/tvpnoticias.com.mx\/wp-content\/uploads\/2025\/02\/image_editor_output_image-1840583776-1740184357847.jpg?fit=620%2C348&ssl=1&resize=350%2C200","width":350,"height":200,"srcset":"https:\/\/i0.wp.com\/tvpnoticias.com.mx\/wp-content\/uploads\/2025\/02\/image_editor_output_image-1840583776-1740184357847.jpg?fit=620%2C348&ssl=1&resize=350%2C200 1x, https:\/\/i0.wp.com\/tvpnoticias.com.mx\/wp-content\/uploads\/2025\/02\/image_editor_output_image-1840583776-1740184357847.jpg?fit=620%2C348&ssl=1&resize=525%2C300 1.5x"},"classes":[]},{"id":27138,"url":"https:\/\/tvpnoticias.com.mx\/?p=27138","url_meta":{"origin":34877,"position":2},"title":"Sheinbaum anuncia demanda contra abogado de Ovidio Guzm\u00e1n por difamaci\u00f3n","author":"Gamaliel Rodr\u00edguez","date":"14 de julio de 2025","format":false,"excerpt":"La presidenta de M\u00e9xico, Claudia Sheinbaum, inform\u00f3 este lunes que su gobierno promover\u00e1 una demanda por da\u00f1o moral contra Jeffrey Lichtman, abogado del presunto narcotraficante Ovidio Guzm\u00e1n, luego de que \u00e9ste la acusara de tener v\u00ednculos con el crimen organizado.Durante su conferencia matutina, la mandataria calific\u00f3 de inadmisibles las declaraciones\u2026","rel":"","context":"En \u00abInformaci\u00f3n General\u00bb","block_context":{"text":"Informaci\u00f3n General","link":"https:\/\/tvpnoticias.com.mx\/?cat=27730"},"img":{"alt_text":"","src":"https:\/\/i0.wp.com\/tvpnoticias.com.mx\/wp-content\/uploads\/2025\/07\/image_editor_output_image1210467196-1752507974106.jpg?fit=712%2C400&ssl=1&resize=350%2C200","width":350,"height":200,"srcset":"https:\/\/i0.wp.com\/tvpnoticias.com.mx\/wp-content\/uploads\/2025\/07\/image_editor_output_image1210467196-1752507974106.jpg?fit=712%2C400&ssl=1&resize=350%2C200 1x, https:\/\/i0.wp.com\/tvpnoticias.com.mx\/wp-content\/uploads\/2025\/07\/image_editor_output_image1210467196-1752507974106.jpg?fit=712%2C400&ssl=1&resize=525%2C300 1.5x, https:\/\/i0.wp.com\/tvpnoticias.com.mx\/wp-content\/uploads\/2025\/07\/image_editor_output_image1210467196-1752507974106.jpg?fit=712%2C400&ssl=1&resize=700%2C400 2x"},"classes":[]},{"id":25233,"url":"https:\/\/tvpnoticias.com.mx\/?p=25233","url_meta":{"origin":34877,"position":3},"title":"ONU pide al gobierno atender a madres buscadoras y desapariciones","author":"Gamaliel Rodr\u00edguez","date":"10 de mayo de 2025","format":false,"excerpt":"En el marco del D\u00eda de las Madres, la Oficina en M\u00e9xico del Alto Comisionado de las Naciones Unidas para los Derechos Humanos (ONU-DH) reconoci\u00f3 el incansable trabajo de las madres buscadoras y llam\u00f3 al gobierno federal a adoptar una agenda de acciones concretas en materia de desapariciones.\u201cAnte una punzante\u2026","rel":"","context":"En \u00abArte y Cultura\u00bb","block_context":{"text":"Arte y Cultura","link":"https:\/\/tvpnoticias.com.mx\/?cat=537184"},"img":{"alt_text":"","src":"https:\/\/i0.wp.com\/tvpnoticias.com.mx\/wp-content\/uploads\/2025\/05\/image_editor_output_image312504475-1746889487173.jpg?fit=678%2C381&ssl=1&resize=350%2C200","width":350,"height":200,"srcset":"https:\/\/i0.wp.com\/tvpnoticias.com.mx\/wp-content\/uploads\/2025\/05\/image_editor_output_image312504475-1746889487173.jpg?fit=678%2C381&ssl=1&resize=350%2C200 1x, https:\/\/i0.wp.com\/tvpnoticias.com.mx\/wp-content\/uploads\/2025\/05\/image_editor_output_image312504475-1746889487173.jpg?fit=678%2C381&ssl=1&resize=525%2C300 1.5x"},"classes":[]},{"id":32688,"url":"https:\/\/tvpnoticias.com.mx\/?p=32688","url_meta":{"origin":34877,"position":4},"title":"Descarta Lupe Torres ataque a personal de Claudia Sheinbaum","author":"Gamaliel Rodr\u00edguez","date":"28 de enero de 2026","format":false,"excerpt":"El secretario general de Gobierno del estado neg\u00f3 que la avanzada de Claudia Sheinbaum haya sido v\u00edctima de un asalto durante su paso por San Luis Potos\u00ed, luego de versiones que circularon en torno a un presunto hecho delictivo ocurrido en carretera.El funcionario estatal precis\u00f3 que, si bien se registr\u00f3\u2026","rel":"","context":"En \u00abEstado\u00bb","block_context":{"text":"Estado","link":"https:\/\/tvpnoticias.com.mx\/?cat=537396"},"img":{"alt_text":"","src":"https:\/\/i0.wp.com\/tvpnoticias.com.mx\/wp-content\/uploads\/2026\/01\/image_editor_output_image1974700947-1769627717531.jpg?fit=1200%2C675&ssl=1&resize=350%2C200","width":350,"height":200,"srcset":"https:\/\/i0.wp.com\/tvpnoticias.com.mx\/wp-content\/uploads\/2026\/01\/image_editor_output_image1974700947-1769627717531.jpg?fit=1200%2C675&ssl=1&resize=350%2C200 1x, https:\/\/i0.wp.com\/tvpnoticias.com.mx\/wp-content\/uploads\/2026\/01\/image_editor_output_image1974700947-1769627717531.jpg?fit=1200%2C675&ssl=1&resize=525%2C300 1.5x, https:\/\/i0.wp.com\/tvpnoticias.com.mx\/wp-content\/uploads\/2026\/01\/image_editor_output_image1974700947-1769627717531.jpg?fit=1200%2C675&ssl=1&resize=700%2C400 2x, https:\/\/i0.wp.com\/tvpnoticias.com.mx\/wp-content\/uploads\/2026\/01\/image_editor_output_image1974700947-1769627717531.jpg?fit=1200%2C675&ssl=1&resize=1050%2C600 3x"},"classes":[]},{"id":23260,"url":"https:\/\/tvpnoticias.com.mx\/?p=23260","url_meta":{"origin":34877,"position":5},"title":"Recula Trump sobre aranceles; hay soberan\u00eda, responde Sheinbaum","author":"Gamaliel Rodr\u00edguez","date":"6 de marzo de 2025","format":false,"excerpt":"\u2022 Sin embargo, las negociaciones ser\u00e1n retomadas el pr\u00f3ximo 2 de abril del a\u00f1o en curso \"para que los aranceles sean rec\u00edprocos en todos los pa\u00edses\", detall\u00f3 la mandataria mexicanaLuego de la preocupaci\u00f3n que causaba la imposici\u00f3n de aranceles de Estados Unidos a M\u00e9xico, y tras la llamada pactada para\u2026","rel":"","context":"En \u00abInformaci\u00f3n General\u00bb","block_context":{"text":"Informaci\u00f3n General","link":"https:\/\/tvpnoticias.com.mx\/?cat=27730"},"img":{"alt_text":"","src":"https:\/\/i0.wp.com\/tvpnoticias.com.mx\/wp-content\/uploads\/2025\/03\/image_editor_output_image-1651014024-1741287301185.jpg?fit=739%2C415&ssl=1&resize=350%2C200","width":350,"height":200,"srcset":"https:\/\/i0.wp.com\/tvpnoticias.com.mx\/wp-content\/uploads\/2025\/03\/image_editor_output_image-1651014024-1741287301185.jpg?fit=739%2C415&ssl=1&resize=350%2C200 1x, https:\/\/i0.wp.com\/tvpnoticias.com.mx\/wp-content\/uploads\/2025\/03\/image_editor_output_image-1651014024-1741287301185.jpg?fit=739%2C415&ssl=1&resize=525%2C300 1.5x, https:\/\/i0.wp.com\/tvpnoticias.com.mx\/wp-content\/uploads\/2025\/03\/image_editor_output_image-1651014024-1741287301185.jpg?fit=739%2C415&ssl=1&resize=700%2C400 2x"},"classes":[]}],"_links":{"self":[{"href":"https:\/\/tvpnoticias.com.mx\/index.php?rest_route=\/wp\/v2\/posts\/34877","targetHints":{"allow":["GET"]}}],"collection":[{"href":"https:\/\/tvpnoticias.com.mx\/index.php?rest_route=\/wp\/v2\/posts"}],"about":[{"href":"https:\/\/tvpnoticias.com.mx\/index.php?rest_route=\/wp\/v2\/types\/post"}],"author":[{"embeddable":true,"href":"https:\/\/tvpnoticias.com.mx\/index.php?rest_route=\/wp\/v2\/users\/232456897"}],"replies":[{"embeddable":true,"href":"https:\/\/tvpnoticias.com.mx\/index.php?rest_route=%2Fwp%2Fv2%2Fcomments&post=34877"}],"version-history":[{"count":1,"href":"https:\/\/tvpnoticias.com.mx\/index.php?rest_route=\/wp\/v2\/posts\/34877\/revisions"}],"predecessor-version":[{"id":34879,"href":"https:\/\/tvpnoticias.com.mx\/index.php?rest_route=\/wp\/v2\/posts\/34877\/revisions\/34879"}],"wp:featuredmedia":[{"embeddable":true,"href":"https:\/\/tvpnoticias.com.mx\/index.php?rest_route=\/wp\/v2\/media\/34876"}],"wp:attachment":[{"href":"https:\/\/tvpnoticias.com.mx\/index.php?rest_route=%2Fwp%2Fv2%2Fmedia&parent=34877"}],"wp:term":[{"taxonomy":"category","embeddable":true,"href":"https:\/\/tvpnoticias.com.mx\/index.php?rest_route=%2Fwp%2Fv2%2Fcategories&post=34877"},{"taxonomy":"post_tag","embeddable":true,"href":"https:\/\/tvpnoticias.com.mx\/index.php?rest_route=%2Fwp%2Fv2%2Ftags&post=34877"}],"curies":[{"name":"wp","href":"https:\/\/api.w.org\/{rel}","templated":true}]}}