{"id":34810,"date":"2026-04-16T11:00:06","date_gmt":"2026-04-16T17:00:06","guid":{"rendered":"https:\/\/tvpnoticias.com.mx\/?p=34810"},"modified":"2026-04-16T11:00:06","modified_gmt":"2026-04-16T17:00:06","slug":"avanza-organizacion-del-desfile-del-1-de-mayo-en-matehuala","status":"publish","type":"post","link":"https:\/\/tvpnoticias.com.mx\/?p=34810","title":{"rendered":"Avanza organizaci\u00f3n del desfile del 1 de mayo en Matehuala"},"content":{"rendered":"\n<p class=\"wp-block-paragraph\"><br><br>11 sindicatos confirmados participar\u00e1n en la conmemoraci\u00f3n del D\u00eda del Trabajo<br><br>El gobierno municipal y el Comit\u00e9 de Festejos del D\u00eda del Trabajo afinan detalles para el desfile conmemorativo del 1 de mayo en Matehuala, donde se prev\u00e9 la participaci\u00f3n de diversos sindicatos y un recorrido ya definido.<br><br>El presidente municipal de Matehuala sostuvo una reuni\u00f3n de trabajo con el Comit\u00e9 de Festejos del Primero de Mayo para dar seguimiento a la organizaci\u00f3n del evento conmemorativo del D\u00eda del Trabajo.<br><br>En el encuentro participaron el presidente del comit\u00e9 Enrique L\u00f3pez Garc\u00eda, la secretaria Mar\u00eda Magdalena Orozco Carrizales y el tesorero Francisco Javier P\u00e9rez Hern\u00e1ndez. Durante la sesi\u00f3n se inform\u00f3 que hasta el momento se cuenta con la confirmaci\u00f3n de 11 sindicatos que formar\u00e1n parte del desfile.<br><br>El recorrido se llevar\u00e1 a cabo el 1 de mayo a las 9 de la ma\u00f1ana, iniciando en el Parque \u00c1lvaro Obreg\u00f3n, punto de partida del tradicional desfile por las principales calles del municipio.<br><br>La coordinaci\u00f3n entre los distintos participantes contin\u00faa con el objetivo de garantizar una jornada ordenada, segura y representativa para las y los trabajadores de Matehuala.<\/p>\n","protected":false},"excerpt":{"rendered":"<p>11 sindicatos confirmados participar\u00e1n en la conmemoraci\u00f3n del D\u00eda del Trabajo El gobierno municipal y el Comit\u00e9 de Festejos del D\u00eda del Trabajo afinan detalles para el desfile conmemorativo del 1 de mayo en Matehuala, donde se prev\u00e9 la participaci\u00f3n &hellip; <a href=\"https:\/\/tvpnoticias.com.mx\/?p=34810\" class=\"more-link\">Contin\u00faa leyendo <span class=\"screen-reader-text\">Avanza organizaci\u00f3n del desfile del 1 de mayo en Matehuala<\/span><\/a><\/p>\n","protected":false},"author":232456897,"featured_media":34809,"comment_status":"open","ping_status":"open","sticky":false,"template":"","format":"standard","meta":{"_crdt_document":"","rop_custom_images_group":[],"rop_custom_messages_group":[],"rop_publish_now":"initial","rop_publish_now_accounts":{"facebook_8025747037436539_114477521595495":""},"rop_publish_now_history":[],"rop_publish_now_status":"pending","advanced_seo_description":"","jetpack_seo_html_title":"","jetpack_seo_noindex":false,"_jetpack_newsletter_access":"","_jetpack_dont_email_post_to_subs":false,"_jetpack_newsletter_tier_id":0,"_jetpack_memberships_contains_paywalled_content":false,"_jetpack_memberships_contains_paid_content":false,"footnotes":"","jetpack_publicize_message":"#Matehuala | 11 sindicatos confirmados participar\u00e1n en la conmemoraci\u00f3n del D\u00eda del Trabajo\n\n#TVP #Noticias #ElPoderDeLaInformaci\u00f3n","jetpack_publicize_feature_enabled":true,"jetpack_social_post_already_shared":true,"jetpack_social_options":{"image_generator_settings":{"template":"highway","default_image_id":0,"font":"","enabled":false},"version":2},"_wpas_customize_per_network":false,"jetpack_post_was_ever_published":false},"categories":[27730,49001],"tags":[537048,29750],"class_list":{"0":"post-34810","1":"post","2":"type-post","3":"status-publish","4":"format-standard","5":"has-post-thumbnail","6":"hentry","7":"category-informacion-general","8":"category-locales","9":"tag-matehuala","10":"tag-portada","12":"fallback-thumbnail"},"jetpack_publicize_connections":[],"jetpack_featured_media_url":"https:\/\/i0.wp.com\/tvpnoticias.com.mx\/wp-content\/uploads\/2026\/04\/image_editor_output_image309692183-1776298648385.jpg?fit=1420%2C675&ssl=1","jetpack_likes_enabled":false,"jetpack_sharing_enabled":true,"jetpack_shortlink":"https:\/\/wp.me\/peDonN-93s","jetpack-related-posts":[{"id":24894,"url":"https:\/\/tvpnoticias.com.mx\/?p=24894","url_meta":{"origin":34810,"position":0},"title":"Polic\u00eda y Tr\u00e1nsito mantendr\u00e1n cierre de calles por desfile","author":"Gamaliel Rodr\u00edguez","date":"30 de abril de 2025","format":false,"excerpt":"La Direcci\u00f3n General de Polic\u00eda y Tr\u00e1nsito municipal de Matehuala, informan sobre el cierre de vialidades para ma\u00f1ana jueves 1\u00ba de mayo ante el tradicional desfile conmemorativo al d\u00eda internacional del trabajo. Las festividades dar\u00e1n inicio a partir de las 6 de la ma\u00f1ana con el izamiento de la bandera\u2026","rel":"","context":"En \u00abInformaci\u00f3n General\u00bb","block_context":{"text":"Informaci\u00f3n General","link":"https:\/\/tvpnoticias.com.mx\/?cat=27730"},"img":{"alt_text":"","src":"https:\/\/i0.wp.com\/tvpnoticias.com.mx\/wp-content\/uploads\/2025\/04\/image_editor_output_image-358429031-1746031432072.jpg?fit=975%2C548&ssl=1&resize=350%2C200","width":350,"height":200,"srcset":"https:\/\/i0.wp.com\/tvpnoticias.com.mx\/wp-content\/uploads\/2025\/04\/image_editor_output_image-358429031-1746031432072.jpg?fit=975%2C548&ssl=1&resize=350%2C200 1x, https:\/\/i0.wp.com\/tvpnoticias.com.mx\/wp-content\/uploads\/2025\/04\/image_editor_output_image-358429031-1746031432072.jpg?fit=975%2C548&ssl=1&resize=525%2C300 1.5x, https:\/\/i0.wp.com\/tvpnoticias.com.mx\/wp-content\/uploads\/2025\/04\/image_editor_output_image-358429031-1746031432072.jpg?fit=975%2C548&ssl=1&resize=700%2C400 2x"},"classes":[]},{"id":20479,"url":"https:\/\/tvpnoticias.com.mx\/?p=20479","url_meta":{"origin":34810,"position":1},"title":"Invitan al desfile navide\u00f1o y encendido del \u00e1rbol en Matehuala","author":"Gamaliel Rodr\u00edguez","date":"9 de diciembre de 2024","format":false,"excerpt":"Este esfuerzo tiene como meta fortalecer el tejido social y destacar las tradiciones decembrinas en Matehuala.","rel":"","context":"En \u00abInformaci\u00f3n General\u00bb","block_context":{"text":"Informaci\u00f3n General","link":"https:\/\/tvpnoticias.com.mx\/?cat=27730"},"img":{"alt_text":"","src":"https:\/\/i0.wp.com\/tvpnoticias.com.mx\/wp-content\/uploads\/2024\/12\/image_editor_output_image1248929301-1733777509797.jpg?fit=1200%2C674&ssl=1&resize=350%2C200","width":350,"height":200,"srcset":"https:\/\/i0.wp.com\/tvpnoticias.com.mx\/wp-content\/uploads\/2024\/12\/image_editor_output_image1248929301-1733777509797.jpg?fit=1200%2C674&ssl=1&resize=350%2C200 1x, https:\/\/i0.wp.com\/tvpnoticias.com.mx\/wp-content\/uploads\/2024\/12\/image_editor_output_image1248929301-1733777509797.jpg?fit=1200%2C674&ssl=1&resize=525%2C300 1.5x, https:\/\/i0.wp.com\/tvpnoticias.com.mx\/wp-content\/uploads\/2024\/12\/image_editor_output_image1248929301-1733777509797.jpg?fit=1200%2C674&ssl=1&resize=700%2C400 2x, https:\/\/i0.wp.com\/tvpnoticias.com.mx\/wp-content\/uploads\/2024\/12\/image_editor_output_image1248929301-1733777509797.jpg?fit=1200%2C674&ssl=1&resize=1050%2C600 3x"},"classes":[]},{"id":1328,"url":"https:\/\/tvpnoticias.com.mx\/?p=1328","url_meta":{"origin":34810,"position":2},"title":"Comit\u00e9 Municipal contra las Adicciones conmemor\u00f3 el D\u00eda Mundial del Tabaco con jornada deportiva","author":"tvpnoticias","date":"1 de junio de 2023","format":false,"excerpt":"El Gobierno de Matehuala a trav\u00e9s del Comit\u00e9 Municipal contra las Adicciones, la Direcci\u00f3n de Fomento Educativo, Log\u00edstica, Fomento Deportivo, Prevenci\u00f3n del Delito y la Jurisdicci\u00f3n Sanitaria N 2, conmemoraron el D\u00eda Mundial sin Tabaco con una serie de actividades l\u00fadicas, deportivas e informativas en la colonia Bustamante 1. El\u2026","rel":"","context":"En \u00abLocales\u00bb","block_context":{"text":"Locales","link":"https:\/\/tvpnoticias.com.mx\/?cat=49001"},"img":{"alt_text":"","src":"https:\/\/i0.wp.com\/tvpnoticias.com.mx\/wp-content\/uploads\/2023\/06\/Unknown-2-1.jpeg?fit=1024%2C768&ssl=1&resize=350%2C200","width":350,"height":200,"srcset":"https:\/\/i0.wp.com\/tvpnoticias.com.mx\/wp-content\/uploads\/2023\/06\/Unknown-2-1.jpeg?fit=1024%2C768&ssl=1&resize=350%2C200 1x, https:\/\/i0.wp.com\/tvpnoticias.com.mx\/wp-content\/uploads\/2023\/06\/Unknown-2-1.jpeg?fit=1024%2C768&ssl=1&resize=525%2C300 1.5x, https:\/\/i0.wp.com\/tvpnoticias.com.mx\/wp-content\/uploads\/2023\/06\/Unknown-2-1.jpeg?fit=1024%2C768&ssl=1&resize=700%2C400 2x"},"classes":[]},{"id":21608,"url":"https:\/\/tvpnoticias.com.mx\/?p=21608","url_meta":{"origin":34810,"position":3},"title":"SNTE reconoce el compromiso del presidente municipal con la educaci\u00f3n","author":"Gamaliel Rodr\u00edguez","date":"14 de enero de 2025","format":false,"excerpt":"La Secci\u00f3n 26 del Sindicato Nacional de Trabajadores de la Educaci\u00f3n entrega reconocimiento al alcalde Ra\u00fal Ortega Rodr\u00edguez","rel":"","context":"En \u00abEducaci\u00f3n\u00bb","block_context":{"text":"Educaci\u00f3n","link":"https:\/\/tvpnoticias.com.mx\/?cat=537297"},"img":{"alt_text":"","src":"https:\/\/i0.wp.com\/tvpnoticias.com.mx\/wp-content\/uploads\/2025\/01\/image_editor_output_image1082098708-1736879427495.jpg?fit=1080%2C608&ssl=1&resize=350%2C200","width":350,"height":200,"srcset":"https:\/\/i0.wp.com\/tvpnoticias.com.mx\/wp-content\/uploads\/2025\/01\/image_editor_output_image1082098708-1736879427495.jpg?fit=1080%2C608&ssl=1&resize=350%2C200 1x, https:\/\/i0.wp.com\/tvpnoticias.com.mx\/wp-content\/uploads\/2025\/01\/image_editor_output_image1082098708-1736879427495.jpg?fit=1080%2C608&ssl=1&resize=525%2C300 1.5x, https:\/\/i0.wp.com\/tvpnoticias.com.mx\/wp-content\/uploads\/2025\/01\/image_editor_output_image1082098708-1736879427495.jpg?fit=1080%2C608&ssl=1&resize=700%2C400 2x, https:\/\/i0.wp.com\/tvpnoticias.com.mx\/wp-content\/uploads\/2025\/01\/image_editor_output_image1082098708-1736879427495.jpg?fit=1080%2C608&ssl=1&resize=1050%2C600 3x"},"classes":[]},{"id":7112,"url":"https:\/\/tvpnoticias.com.mx\/?p=7112","url_meta":{"origin":34810,"position":4},"title":"Gobierno de Matehuala conmemora el D\u00eda Internacional de la Eliminaci\u00f3n de la Violencia Contra Las Mujeres","author":"tvpnoticias","date":"25 de noviembre de 2023","format":false,"excerpt":"El Gobierno de Matehuala a trav\u00e9s de la Instancia Municipal de la Mujer y la Instancia de la Juventud, conmemoraron este 25 de noviembre el D\u00eda Internacional de la Eliminaci\u00f3n de la violencia contra las mujeres con dos actividad de concientizaci\u00f3n y lucha por la igualdad y equidad de g\u00e9nero.\u2026","rel":"","context":"En \u00abLocales\u00bb","block_context":{"text":"Locales","link":"https:\/\/tvpnoticias.com.mx\/?cat=49001"},"img":{"alt_text":"","src":"https:\/\/i0.wp.com\/tvpnoticias.com.mx\/wp-content\/uploads\/2023\/11\/Unknown-2-34.jpeg?fit=1024%2C768&ssl=1&resize=350%2C200","width":350,"height":200,"srcset":"https:\/\/i0.wp.com\/tvpnoticias.com.mx\/wp-content\/uploads\/2023\/11\/Unknown-2-34.jpeg?fit=1024%2C768&ssl=1&resize=350%2C200 1x, https:\/\/i0.wp.com\/tvpnoticias.com.mx\/wp-content\/uploads\/2023\/11\/Unknown-2-34.jpeg?fit=1024%2C768&ssl=1&resize=525%2C300 1.5x, https:\/\/i0.wp.com\/tvpnoticias.com.mx\/wp-content\/uploads\/2023\/11\/Unknown-2-34.jpeg?fit=1024%2C768&ssl=1&resize=700%2C400 2x"},"classes":[]},{"id":766,"url":"https:\/\/tvpnoticias.com.mx\/?p=766","url_meta":{"origin":34810,"position":5},"title":"Gobierno Municipal de Matehuala conmemora el CLXI Aniversario de la Batalla de Puebla","author":"tvpnoticias","date":"5 de mayo de 2023","format":false,"excerpt":"Gobierno Municipal de Matehuala encabezado por Iv\u00e1n Estrada Guzm\u00e1n, acompa\u00f1ado de regidores y directores, rindieron los correspondientes honores conmemorativo al cent\u00e9simo sexag\u00e9simo primer aniversario de la batalla de Puebla. Los funcionarios municipales partieron de presidencia rumbo a la Plaza 5 de mayo donde se llev\u00f3 a cabo el acto c\u00edvico\u2026","rel":"","context":"En \u00abInformaci\u00f3n General\u00bb","block_context":{"text":"Informaci\u00f3n General","link":"https:\/\/tvpnoticias.com.mx\/?cat=27730"},"img":{"alt_text":"","src":"https:\/\/i0.wp.com\/tvpnoticias.com.mx\/wp-content\/uploads\/2023\/05\/Unknown-1-2.jpeg?fit=1024%2C768&ssl=1&resize=350%2C200","width":350,"height":200,"srcset":"https:\/\/i0.wp.com\/tvpnoticias.com.mx\/wp-content\/uploads\/2023\/05\/Unknown-1-2.jpeg?fit=1024%2C768&ssl=1&resize=350%2C200 1x, https:\/\/i0.wp.com\/tvpnoticias.com.mx\/wp-content\/uploads\/2023\/05\/Unknown-1-2.jpeg?fit=1024%2C768&ssl=1&resize=525%2C300 1.5x, https:\/\/i0.wp.com\/tvpnoticias.com.mx\/wp-content\/uploads\/2023\/05\/Unknown-1-2.jpeg?fit=1024%2C768&ssl=1&resize=700%2C400 2x"},"classes":[]}],"_links":{"self":[{"href":"https:\/\/tvpnoticias.com.mx\/index.php?rest_route=\/wp\/v2\/posts\/34810","targetHints":{"allow":["GET"]}}],"collection":[{"href":"https:\/\/tvpnoticias.com.mx\/index.php?rest_route=\/wp\/v2\/posts"}],"about":[{"href":"https:\/\/tvpnoticias.com.mx\/index.php?rest_route=\/wp\/v2\/types\/post"}],"author":[{"embeddable":true,"href":"https:\/\/tvpnoticias.com.mx\/index.php?rest_route=\/wp\/v2\/users\/232456897"}],"replies":[{"embeddable":true,"href":"https:\/\/tvpnoticias.com.mx\/index.php?rest_route=%2Fwp%2Fv2%2Fcomments&post=34810"}],"version-history":[{"count":1,"href":"https:\/\/tvpnoticias.com.mx\/index.php?rest_route=\/wp\/v2\/posts\/34810\/revisions"}],"predecessor-version":[{"id":34824,"href":"https:\/\/tvpnoticias.com.mx\/index.php?rest_route=\/wp\/v2\/posts\/34810\/revisions\/34824"}],"wp:featuredmedia":[{"embeddable":true,"href":"https:\/\/tvpnoticias.com.mx\/index.php?rest_route=\/wp\/v2\/media\/34809"}],"wp:attachment":[{"href":"https:\/\/tvpnoticias.com.mx\/index.php?rest_route=%2Fwp%2Fv2%2Fmedia&parent=34810"}],"wp:term":[{"taxonomy":"category","embeddable":true,"href":"https:\/\/tvpnoticias.com.mx\/index.php?rest_route=%2Fwp%2Fv2%2Fcategories&post=34810"},{"taxonomy":"post_tag","embeddable":true,"href":"https:\/\/tvpnoticias.com.mx\/index.php?rest_route=%2Fwp%2Fv2%2Ftags&post=34810"}],"curies":[{"name":"wp","href":"https:\/\/api.w.org\/{rel}","templated":true}]}}