{"id":15624,"date":"2024-07-22T14:15:16","date_gmt":"2024-07-22T20:15:16","guid":{"rendered":"https:\/\/tvpnoticias.com.mx\/?p=15624"},"modified":"2024-07-22T14:03:53","modified_gmt":"2024-07-22T20:03:53","slug":"villa-de-pozos-se-convierte-en-el-municipio-numero-59-de-san-luis-potosi","status":"publish","type":"post","link":"https:\/\/tvpnoticias.com.mx\/?p=15624","title":{"rendered":"Villa de pozos se convierte en el municipio n\u00famero 59 de San Luis Potos\u00ed"},"content":{"rendered":"<p>Por mayor\u00eda, el Congreso del Estado aprob\u00f3 la municipalizaci\u00f3n de Villa de Pozos, que reforma al art\u00edculo 13 y adiciona el art\u00edculo sexto, pasan a ser numerales 58 y 59 del estado libre y soberano del estado de San Luis Potos\u00ed.<\/p>\n<p>Con tres intervenciones, los legisladores sustentaron sus puntos en hist\u00f3ricos en los que aseguraron que por un tema electorero, se revoc\u00f3 el nombramiento de municipio a Villa de Pozos, que a decir del legislador Jos\u00e9 Luis Fern\u00e1ndez Mart\u00ednez, se hizo con dolo.<\/p>\n<p>Tambi\u00e9n, el diputado Edmundo Azael Torrescano Medina afirm\u00f3 en tribuna que el nombramiento de Villa de Pozos ser\u00eda inconstitucional, porque el estado a\u00fan permanece en periodo electoral y podr\u00eda tener repercusiones legales.<\/p>\n<p>Torrescano Medina sustent\u00f3 su declaraci\u00f3n en torno de que a\u00fan se est\u00e1 en periodo electoral y no es posible realizar modificaciones en procesos electorales y podr\u00eda ser ilegal.<\/p>\n<p>\u201cNecesitamos la certeza de qui\u00e9n va a recoger su basura, qui\u00e9n va a abastecerles de agua, a d\u00f3nde ir\u00e1n a pagar la luz, y todo ello es basado a una reforma que debemos de aprobar y no quiero que despu\u00e9s nos echen a culpa de que se hizo mal\u201d, acot\u00f3 Torrescano Medina.<\/p>\n<p>Edmundo Torrescano se pronunci\u00f3 a favor; sin embargo, correctamente y con todas las de la ley, es decir, sin violar leyes o iniciativas que pedan interpretar una aprobaci\u00f3n irregular.<\/p>\n<p>El punto fue tratado en las comisiones de Gobernaci\u00f3n y Puntos Constitucionales, tomando en cuenta la Ley de Ingresos del Muniicipio de la Capital, en los que se deben adecuar fechas y necesidades del proceso de transici\u00f3n que se llevar\u00e1 a cabo.<\/p>\n","protected":false},"excerpt":{"rendered":"<p>Por mayor\u00eda, el Congreso del Estado aprob\u00f3 la municipalizaci\u00f3n de Villa de Pozos, que reforma al art\u00edculo 13 y adiciona el art\u00edculo sexto, pasan a ser numerales 58 y 59 del estado libre y soberano del estado de San Luis &hellip; <a href=\"https:\/\/tvpnoticias.com.mx\/?p=15624\" class=\"more-link\">Contin\u00faa leyendo <span class=\"screen-reader-text\">Villa de pozos se convierte en el municipio n\u00famero 59 de San Luis Potos\u00ed<\/span><\/a><\/p>\n","protected":false},"author":232456894,"featured_media":15629,"comment_status":"open","ping_status":"open","sticky":false,"template":"","format":"standard","meta":{"_crdt_document":"","rop_custom_images_group":[],"rop_custom_messages_group":[],"rop_publish_now":"initial","rop_publish_now_accounts":{"facebook_8025747037436539_114477521595495":""},"rop_publish_now_history":[],"rop_publish_now_status":"pending","advanced_seo_description":"","jetpack_seo_html_title":"","jetpack_seo_noindex":false,"_jetpack_newsletter_access":"","_jetpack_dont_email_post_to_subs":false,"_jetpack_newsletter_tier_id":0,"_jetpack_memberships_contains_paywalled_content":false,"_jetpack_memberships_contains_paid_content":false,"footnotes":"","jetpack_publicize_message":"#SLP\r\nVilla de pozos se convierte en el municipio n\u00famero 59 de San Luis Potosi","jetpack_publicize_feature_enabled":true,"jetpack_social_post_already_shared":true,"jetpack_social_options":{"image_generator_settings":{"template":"highway","default_image_id":0,"font":"","enabled":false},"version":2},"_wpas_customize_per_network":false,"jetpack_post_was_ever_published":false},"categories":[49001],"tags":[29750],"class_list":{"0":"post-15624","1":"post","2":"type-post","3":"status-publish","4":"format-standard","5":"has-post-thumbnail","6":"hentry","7":"category-locales","8":"tag-portada","10":"fallback-thumbnail"},"jetpack_publicize_connections":[],"jetpack_featured_media_url":"https:\/\/i0.wp.com\/tvpnoticias.com.mx\/wp-content\/uploads\/2024\/07\/WhatsApp-Image-2023-09-26-at-2.19.50-PM.jpeg.webp?fit=1600%2C900&ssl=1","jetpack_likes_enabled":false,"jetpack_sharing_enabled":true,"jetpack_shortlink":"https:\/\/wp.me\/peDonN-440","jetpack-related-posts":[{"id":2907,"url":"https:\/\/tvpnoticias.com.mx\/?p=2907","url_meta":{"origin":15624,"position":0},"title":"Avanza municipalizaci\u00f3n de Villa de Pozos: SGG","author":"tvpnoticias","date":"27 de julio de 2023","format":false,"excerpt":"En apoyo a un reclamo ciudadano y de lucha social leg\u00edtimo, la demarcaci\u00f3n busca recuperar su calidad de municipio libre que le fue retirado en 1946 La iniciativa enviada al Congreso del Estado y que los propios legisladores impulsaron para integrar a Villa de Pozos como el municipio 59, avanza\u2026","rel":"","context":"En \u00abInformaci\u00f3n General\u00bb","block_context":{"text":"Informaci\u00f3n General","link":"https:\/\/tvpnoticias.com.mx\/?cat=27730"},"img":{"alt_text":"","src":"https:\/\/i0.wp.com\/tvpnoticias.com.mx\/wp-content\/uploads\/2023\/07\/815fab6b-cd8f-4977-a517-08982eae4358.jpg?fit=1200%2C746&ssl=1&resize=350%2C200","width":350,"height":200,"srcset":"https:\/\/i0.wp.com\/tvpnoticias.com.mx\/wp-content\/uploads\/2023\/07\/815fab6b-cd8f-4977-a517-08982eae4358.jpg?fit=1200%2C746&ssl=1&resize=350%2C200 1x, https:\/\/i0.wp.com\/tvpnoticias.com.mx\/wp-content\/uploads\/2023\/07\/815fab6b-cd8f-4977-a517-08982eae4358.jpg?fit=1200%2C746&ssl=1&resize=525%2C300 1.5x, https:\/\/i0.wp.com\/tvpnoticias.com.mx\/wp-content\/uploads\/2023\/07\/815fab6b-cd8f-4977-a517-08982eae4358.jpg?fit=1200%2C746&ssl=1&resize=700%2C400 2x, https:\/\/i0.wp.com\/tvpnoticias.com.mx\/wp-content\/uploads\/2023\/07\/815fab6b-cd8f-4977-a517-08982eae4358.jpg?fit=1200%2C746&ssl=1&resize=1050%2C600 3x"},"classes":[]},{"id":15608,"url":"https:\/\/tvpnoticias.com.mx\/?p=15608","url_meta":{"origin":15624,"position":1},"title":"Villa de Pozos se convierte en municipio 59, as\u00ed celebr\u00f3 el Gobernador","author":"Gamaliel Rodr\u00edguez","date":"22 de julio de 2024","format":false,"excerpt":"El Gobernador anunci\u00f3 que el municipio 59 de San Luis Potos\u00ed tendr\u00e1 apoyo total del Ejecutivo; prev\u00e9 un presupuesto cercano a los 500 millones de pesos El Gobernador de San Luis Potos\u00ed Ricardo Gallardo Cardona, celebr\u00f3 la municipalizaci\u00f3n de Villa de Pozos aprobada por los diputados del Congreso del Estado,\u2026","rel":"","context":"En \u00abInformaci\u00f3n General\u00bb","block_context":{"text":"Informaci\u00f3n General","link":"https:\/\/tvpnoticias.com.mx\/?cat=27730"},"img":{"alt_text":"","src":"https:\/\/i0.wp.com\/tvpnoticias.com.mx\/wp-content\/uploads\/2024\/07\/FB_IMG_1721675278112.jpg?fit=1080%2C720&ssl=1&resize=350%2C200","width":350,"height":200,"srcset":"https:\/\/i0.wp.com\/tvpnoticias.com.mx\/wp-content\/uploads\/2024\/07\/FB_IMG_1721675278112.jpg?fit=1080%2C720&ssl=1&resize=350%2C200 1x, https:\/\/i0.wp.com\/tvpnoticias.com.mx\/wp-content\/uploads\/2024\/07\/FB_IMG_1721675278112.jpg?fit=1080%2C720&ssl=1&resize=525%2C300 1.5x, https:\/\/i0.wp.com\/tvpnoticias.com.mx\/wp-content\/uploads\/2024\/07\/FB_IMG_1721675278112.jpg?fit=1080%2C720&ssl=1&resize=700%2C400 2x, https:\/\/i0.wp.com\/tvpnoticias.com.mx\/wp-content\/uploads\/2024\/07\/FB_IMG_1721675278112.jpg?fit=1080%2C720&ssl=1&resize=1050%2C600 3x"},"classes":[]},{"id":1343,"url":"https:\/\/tvpnoticias.com.mx\/?p=1343","url_meta":{"origin":15624,"position":2},"title":"Diputado Jos\u00e9 Luis  Fern\u00e1ndez asegur\u00f3 que para octubre Villa de Pozos deber\u00e1 consolidarse como municipio","author":"tvpnoticias","date":"1 de junio de 2023","format":false,"excerpt":"San Luis Potos\u00ed.-Para octubre del 2023 deber\u00e1 de estar consumado que el municipio n\u00famero 59 de San Luis Potos\u00ed, que corresponder\u00eda a Villa de Pozos seg\u00fan adelant\u00f3 Jos\u00e9 Luis Fern\u00e1ndez Mart\u00ednez, diputado del Partido Verde Ecologista de M\u00e9xico. Jos\u00e9 Luis Fern\u00e1ndez afirm\u00f3 que el congreso del estado tiene el 80%\u2026","rel":"","context":"En \u00abInformaci\u00f3n General\u00bb","block_context":{"text":"Informaci\u00f3n General","link":"https:\/\/tvpnoticias.com.mx\/?cat=27730"},"img":{"alt_text":"","src":"https:\/\/i0.wp.com\/tvpnoticias.com.mx\/wp-content\/uploads\/2023\/06\/Unknown-5.jpeg?fit=1200%2C675&ssl=1&resize=350%2C200","width":350,"height":200,"srcset":"https:\/\/i0.wp.com\/tvpnoticias.com.mx\/wp-content\/uploads\/2023\/06\/Unknown-5.jpeg?fit=1200%2C675&ssl=1&resize=350%2C200 1x, https:\/\/i0.wp.com\/tvpnoticias.com.mx\/wp-content\/uploads\/2023\/06\/Unknown-5.jpeg?fit=1200%2C675&ssl=1&resize=525%2C300 1.5x, https:\/\/i0.wp.com\/tvpnoticias.com.mx\/wp-content\/uploads\/2023\/06\/Unknown-5.jpeg?fit=1200%2C675&ssl=1&resize=700%2C400 2x, https:\/\/i0.wp.com\/tvpnoticias.com.mx\/wp-content\/uploads\/2023\/06\/Unknown-5.jpeg?fit=1200%2C675&ssl=1&resize=1050%2C600 3x"},"classes":[]},{"id":15901,"url":"https:\/\/tvpnoticias.com.mx\/?p=15901","url_meta":{"origin":15624,"position":3},"title":"Lo dejaremos a la ciudadan\u00eda en estado de indefensi\u00f3n: Regidora","author":"Redacci\u00f3n","date":"30 de julio de 2024","format":false,"excerpt":"En un acto de congruencia y compromiso con los habitantes de Villa de Pozos, la regidora del Partido Acci\u00f3n Nacional Mar\u00eda Eugenia Castro Anguiano, as\u00ed como los dem\u00e1s integrantes del Cabildo votaron a favor de responsabilizarse por los servicios al municipio 59 del Estado. La aprobaci\u00f3n se da pese a\u2026","rel":"","context":"En \u00abLocales\u00bb","block_context":{"text":"Locales","link":"https:\/\/tvpnoticias.com.mx\/?cat=49001"},"img":{"alt_text":"","src":"https:\/\/i0.wp.com\/tvpnoticias.com.mx\/wp-content\/uploads\/2024\/07\/IMG-20240730-WA0066.jpg?fit=1200%2C675&ssl=1&resize=350%2C200","width":350,"height":200,"srcset":"https:\/\/i0.wp.com\/tvpnoticias.com.mx\/wp-content\/uploads\/2024\/07\/IMG-20240730-WA0066.jpg?fit=1200%2C675&ssl=1&resize=350%2C200 1x, https:\/\/i0.wp.com\/tvpnoticias.com.mx\/wp-content\/uploads\/2024\/07\/IMG-20240730-WA0066.jpg?fit=1200%2C675&ssl=1&resize=525%2C300 1.5x, https:\/\/i0.wp.com\/tvpnoticias.com.mx\/wp-content\/uploads\/2024\/07\/IMG-20240730-WA0066.jpg?fit=1200%2C675&ssl=1&resize=700%2C400 2x, https:\/\/i0.wp.com\/tvpnoticias.com.mx\/wp-content\/uploads\/2024\/07\/IMG-20240730-WA0066.jpg?fit=1200%2C675&ssl=1&resize=1050%2C600 3x"},"classes":[]},{"id":5979,"url":"https:\/\/tvpnoticias.com.mx\/?p=5979","url_meta":{"origin":15624,"position":4},"title":"Villa de Pozos ser\u00e1 municipio: Gobierno estatal","author":"Gamaliel Rodr\u00edguez","date":"23 de octubre de 2023","format":false,"excerpt":"\"Villa de Pozos va a ser municipio, nos guste o no\", as\u00ed lo asegur\u00f3 el secretario general de gobierno durante la comparecencia de la glosa del segundo informe de gobierno. El secretario Torres S\u00e1nchez dijo que existen muchas imprecisiones en la integraci\u00f3n de los recursos de amparo que han Interpuesto\u2026","rel":"","context":"En \u00abPol\u00edtica\u00bb","block_context":{"text":"Pol\u00edtica","link":"https:\/\/tvpnoticias.com.mx\/?cat=798"},"img":{"alt_text":"","src":"https:\/\/i0.wp.com\/tvpnoticias.com.mx\/wp-content\/uploads\/2023\/10\/IMG-20231023-WA0076.jpg?fit=1200%2C675&ssl=1&resize=350%2C200","width":350,"height":200,"srcset":"https:\/\/i0.wp.com\/tvpnoticias.com.mx\/wp-content\/uploads\/2023\/10\/IMG-20231023-WA0076.jpg?fit=1200%2C675&ssl=1&resize=350%2C200 1x, https:\/\/i0.wp.com\/tvpnoticias.com.mx\/wp-content\/uploads\/2023\/10\/IMG-20231023-WA0076.jpg?fit=1200%2C675&ssl=1&resize=525%2C300 1.5x, https:\/\/i0.wp.com\/tvpnoticias.com.mx\/wp-content\/uploads\/2023\/10\/IMG-20231023-WA0076.jpg?fit=1200%2C675&ssl=1&resize=700%2C400 2x, https:\/\/i0.wp.com\/tvpnoticias.com.mx\/wp-content\/uploads\/2023\/10\/IMG-20231023-WA0076.jpg?fit=1200%2C675&ssl=1&resize=1050%2C600 3x"},"classes":[]},{"id":15703,"url":"https:\/\/tvpnoticias.com.mx\/?p=15703","url_meta":{"origin":15624,"position":5},"title":"Villa de Pozos ser\u00e1 el cuarto municipio m\u00e1s importante del Estado","author":"Gamaliel Rodr\u00edguez","date":"24 de julio de 2024","format":false,"excerpt":"En un ambiente de j\u00fabilo, habitantes de la demarcaci\u00f3n celebraron la decisi\u00f3n del Congreso del Estado y agradecieron la intervenci\u00f3n del gobernador Ricardo Gallardo para lograr su autonom\u00edaVilla de Pozos, que apenas ayer fue designado como el municipio 59 de San Luis Potos\u00ed y que est\u00e1 ubicado al sureste de\u2026","rel":"","context":"En \u00abInformaci\u00f3n General\u00bb","block_context":{"text":"Informaci\u00f3n General","link":"https:\/\/tvpnoticias.com.mx\/?cat=27730"},"img":{"alt_text":"","src":"https:\/\/i0.wp.com\/tvpnoticias.com.mx\/wp-content\/uploads\/2024\/07\/IMG-20240723-WA0135.jpg?fit=1200%2C675&ssl=1&resize=350%2C200","width":350,"height":200,"srcset":"https:\/\/i0.wp.com\/tvpnoticias.com.mx\/wp-content\/uploads\/2024\/07\/IMG-20240723-WA0135.jpg?fit=1200%2C675&ssl=1&resize=350%2C200 1x, https:\/\/i0.wp.com\/tvpnoticias.com.mx\/wp-content\/uploads\/2024\/07\/IMG-20240723-WA0135.jpg?fit=1200%2C675&ssl=1&resize=525%2C300 1.5x, https:\/\/i0.wp.com\/tvpnoticias.com.mx\/wp-content\/uploads\/2024\/07\/IMG-20240723-WA0135.jpg?fit=1200%2C675&ssl=1&resize=700%2C400 2x, https:\/\/i0.wp.com\/tvpnoticias.com.mx\/wp-content\/uploads\/2024\/07\/IMG-20240723-WA0135.jpg?fit=1200%2C675&ssl=1&resize=1050%2C600 3x"},"classes":[]}],"_links":{"self":[{"href":"https:\/\/tvpnoticias.com.mx\/index.php?rest_route=\/wp\/v2\/posts\/15624","targetHints":{"allow":["GET"]}}],"collection":[{"href":"https:\/\/tvpnoticias.com.mx\/index.php?rest_route=\/wp\/v2\/posts"}],"about":[{"href":"https:\/\/tvpnoticias.com.mx\/index.php?rest_route=\/wp\/v2\/types\/post"}],"author":[{"embeddable":true,"href":"https:\/\/tvpnoticias.com.mx\/index.php?rest_route=\/wp\/v2\/users\/232456894"}],"replies":[{"embeddable":true,"href":"https:\/\/tvpnoticias.com.mx\/index.php?rest_route=%2Fwp%2Fv2%2Fcomments&post=15624"}],"version-history":[{"count":3,"href":"https:\/\/tvpnoticias.com.mx\/index.php?rest_route=\/wp\/v2\/posts\/15624\/revisions"}],"predecessor-version":[{"id":15630,"href":"https:\/\/tvpnoticias.com.mx\/index.php?rest_route=\/wp\/v2\/posts\/15624\/revisions\/15630"}],"wp:featuredmedia":[{"embeddable":true,"href":"https:\/\/tvpnoticias.com.mx\/index.php?rest_route=\/wp\/v2\/media\/15629"}],"wp:attachment":[{"href":"https:\/\/tvpnoticias.com.mx\/index.php?rest_route=%2Fwp%2Fv2%2Fmedia&parent=15624"}],"wp:term":[{"taxonomy":"category","embeddable":true,"href":"https:\/\/tvpnoticias.com.mx\/index.php?rest_route=%2Fwp%2Fv2%2Fcategories&post=15624"},{"taxonomy":"post_tag","embeddable":true,"href":"https:\/\/tvpnoticias.com.mx\/index.php?rest_route=%2Fwp%2Fv2%2Ftags&post=15624"}],"curies":[{"name":"wp","href":"https:\/\/api.w.org\/{rel}","templated":true}]}}