{"id":15608,"date":"2024-07-22T14:00:11","date_gmt":"2024-07-22T20:00:11","guid":{"rendered":"https:\/\/tvpnoticias.com.mx\/?p=15608"},"modified":"2024-07-22T14:00:11","modified_gmt":"2024-07-22T20:00:11","slug":"villa-de-pozos-se-convierte-en-municipio-59-asi-celebro-el-gobernador","status":"publish","type":"post","link":"https:\/\/tvpnoticias.com.mx\/?p=15608","title":{"rendered":"Villa de Pozos se convierte en municipio 59, as\u00ed celebr\u00f3 el Gobernador"},"content":{"rendered":"\n<p class=\"wp-block-paragraph\"><\/p>\n\n\n\n<ul class=\"wp-block-list\">\n<li>El Gobernador anunci\u00f3 que el municipio 59 de San Luis Potos\u00ed tendr\u00e1 apoyo total del Ejecutivo; prev\u00e9 un presupuesto cercano a los 500 millones de pesos<\/li>\n<\/ul>\n\n\n\n<p class=\"wp-block-paragraph\">El Gobernador de San Luis Potos\u00ed Ricardo Gallardo Cardona, celebr\u00f3 la municipalizaci\u00f3n de Villa de Pozos aprobada por los diputados del Congreso del Estado, con lo cual, \u201cpor fin se hizo justicia al clamor del pueblo que buscaba la municipalidad\u201d.<\/p>\n\n\n\n<p class=\"wp-block-paragraph\"><br>En seguida, el Mandatario potosino anunci\u00f3 que su Gobierno brindar\u00e1 todo el apoyo al municipio 59 del Estado, y trabajar\u00e1 de manera coordinada, primero, con su Concejo Municipal y posteriormente con sus autoridades electas, para generar condiciones de bienestar y desarrollo para Villa de Pozos.<br>Gallardo Cardona dio a conocer que en el Presupuesto de Egresos para el Ejercicio Fiscal 2025, ya estar\u00e1 considerado el nuevo municipio con un presupuesto cercano a los 500 millones de pesos, a los cuales se sumar\u00e1 inversi\u00f3n directa del Estado para obras de infraestructura en cerca de 80 colonias y comunidades de Villa de Pozos.<\/p>\n\n\n\n<p class=\"wp-block-paragraph\"><br>El Gobernador explic\u00f3 que a partir del 1 de octubre de 2024 entrar\u00e1 en funciones el Concejo Municipal, que ser\u00e1 designado por la Comisi\u00f3n de Gobernaci\u00f3n del Legislativo y sometido a votaci\u00f3n en el Pleno, y ser\u00e1 integrado por un Concejal Presidente, dos concejales s\u00edndicos y hasta 12 concejales regidores.<br>Por \u00faltimo, Gallardo Cardona felicit\u00f3 a los pobladores de Villa de Pozos que promovieron la municipalizaci\u00f3n, y que durante muchos a\u00f1os la hab\u00edan buscado ante el desinter\u00e9s y la falta de atenci\u00f3n de la herencia maldita que nunca permiti\u00f3 que la demarcaci\u00f3n obtuviera autonom\u00eda y soberan\u00eda.<\/p>\n","protected":false},"excerpt":{"rendered":"<p>El Gobernador de San Luis Potos\u00ed Ricardo Gallardo Cardona, celebr\u00f3 la municipalizaci\u00f3n de Villa de Pozos aprobada por los diputados del Congreso del Estado, con lo cual, \u201cpor fin se hizo justicia al clamor del pueblo que buscaba la municipalidad\u201d. &hellip; <a href=\"https:\/\/tvpnoticias.com.mx\/?p=15608\" class=\"more-link\">Contin\u00faa leyendo <span class=\"screen-reader-text\">Villa de Pozos se convierte en municipio 59, as\u00ed celebr\u00f3 el Gobernador<\/span><\/a><\/p>\n","protected":false},"author":232456897,"featured_media":15607,"comment_status":"open","ping_status":"open","sticky":false,"template":"","format":"standard","meta":{"_crdt_document":"","rop_custom_images_group":[],"rop_custom_messages_group":[],"rop_publish_now":"initial","rop_publish_now_accounts":{"facebook_8025747037436539_114477521595495":""},"rop_publish_now_history":[],"rop_publish_now_status":"pending","advanced_seo_description":"","jetpack_seo_html_title":"","jetpack_seo_noindex":false,"_jetpack_newsletter_access":"","_jetpack_dont_email_post_to_subs":false,"_jetpack_newsletter_tier_id":0,"_jetpack_memberships_contains_paywalled_content":false,"_jetpack_memberships_contains_paid_content":false,"footnotes":"","jetpack_publicize_message":"#SLP | El Mandatario potosino anunci\u00f3 que su Gobierno brindar\u00e1 todo el apoyo al municipio 59 del Estado,","jetpack_publicize_feature_enabled":true,"jetpack_social_post_already_shared":true,"jetpack_social_options":{"image_generator_settings":{"template":"highway","default_image_id":0,"font":"","enabled":false},"version":2},"_wpas_customize_per_network":false,"jetpack_post_was_ever_published":false},"categories":[27730,49001],"tags":[29750],"class_list":{"0":"post-15608","1":"post","2":"type-post","3":"status-publish","4":"format-standard","5":"has-post-thumbnail","6":"hentry","7":"category-informacion-general","8":"category-locales","9":"tag-portada","11":"fallback-thumbnail"},"jetpack_publicize_connections":[],"jetpack_featured_media_url":"https:\/\/i0.wp.com\/tvpnoticias.com.mx\/wp-content\/uploads\/2024\/07\/FB_IMG_1721675278112.jpg?fit=1080%2C720&ssl=1","jetpack_likes_enabled":false,"jetpack_sharing_enabled":true,"jetpack_shortlink":"https:\/\/wp.me\/peDonN-43K","jetpack-related-posts":[{"id":15703,"url":"https:\/\/tvpnoticias.com.mx\/?p=15703","url_meta":{"origin":15608,"position":0},"title":"Villa de Pozos ser\u00e1 el cuarto municipio m\u00e1s importante del Estado","author":"Gamaliel Rodr\u00edguez","date":"24 de julio de 2024","format":false,"excerpt":"En un ambiente de j\u00fabilo, habitantes de la demarcaci\u00f3n celebraron la decisi\u00f3n del Congreso del Estado y agradecieron la intervenci\u00f3n del gobernador Ricardo Gallardo para lograr su autonom\u00edaVilla de Pozos, que apenas ayer fue designado como el municipio 59 de San Luis Potos\u00ed y que est\u00e1 ubicado al sureste de\u2026","rel":"","context":"En \u00abInformaci\u00f3n General\u00bb","block_context":{"text":"Informaci\u00f3n General","link":"https:\/\/tvpnoticias.com.mx\/?cat=27730"},"img":{"alt_text":"","src":"https:\/\/i0.wp.com\/tvpnoticias.com.mx\/wp-content\/uploads\/2024\/07\/IMG-20240723-WA0135.jpg?fit=1200%2C675&ssl=1&resize=350%2C200","width":350,"height":200,"srcset":"https:\/\/i0.wp.com\/tvpnoticias.com.mx\/wp-content\/uploads\/2024\/07\/IMG-20240723-WA0135.jpg?fit=1200%2C675&ssl=1&resize=350%2C200 1x, https:\/\/i0.wp.com\/tvpnoticias.com.mx\/wp-content\/uploads\/2024\/07\/IMG-20240723-WA0135.jpg?fit=1200%2C675&ssl=1&resize=525%2C300 1.5x, https:\/\/i0.wp.com\/tvpnoticias.com.mx\/wp-content\/uploads\/2024\/07\/IMG-20240723-WA0135.jpg?fit=1200%2C675&ssl=1&resize=700%2C400 2x, https:\/\/i0.wp.com\/tvpnoticias.com.mx\/wp-content\/uploads\/2024\/07\/IMG-20240723-WA0135.jpg?fit=1200%2C675&ssl=1&resize=1050%2C600 3x"},"classes":[]},{"id":2907,"url":"https:\/\/tvpnoticias.com.mx\/?p=2907","url_meta":{"origin":15608,"position":1},"title":"Avanza municipalizaci\u00f3n de Villa de Pozos: SGG","author":"Gamaliel Rodr\u00edguez","date":"27 de julio de 2023","format":false,"excerpt":"En apoyo a un reclamo ciudadano y de lucha social leg\u00edtimo, la demarcaci\u00f3n busca recuperar su calidad de municipio libre que le fue retirado en 1946 La iniciativa enviada al Congreso del Estado y que los propios legisladores impulsaron para integrar a Villa de Pozos como el municipio 59, avanza\u2026","rel":"","context":"En \u00abInformaci\u00f3n General\u00bb","block_context":{"text":"Informaci\u00f3n General","link":"https:\/\/tvpnoticias.com.mx\/?cat=27730"},"img":{"alt_text":"","src":"https:\/\/i0.wp.com\/tvpnoticias.com.mx\/wp-content\/uploads\/2023\/07\/815fab6b-cd8f-4977-a517-08982eae4358.jpg?fit=1200%2C746&ssl=1&resize=350%2C200","width":350,"height":200,"srcset":"https:\/\/i0.wp.com\/tvpnoticias.com.mx\/wp-content\/uploads\/2023\/07\/815fab6b-cd8f-4977-a517-08982eae4358.jpg?fit=1200%2C746&ssl=1&resize=350%2C200 1x, https:\/\/i0.wp.com\/tvpnoticias.com.mx\/wp-content\/uploads\/2023\/07\/815fab6b-cd8f-4977-a517-08982eae4358.jpg?fit=1200%2C746&ssl=1&resize=525%2C300 1.5x, https:\/\/i0.wp.com\/tvpnoticias.com.mx\/wp-content\/uploads\/2023\/07\/815fab6b-cd8f-4977-a517-08982eae4358.jpg?fit=1200%2C746&ssl=1&resize=700%2C400 2x, https:\/\/i0.wp.com\/tvpnoticias.com.mx\/wp-content\/uploads\/2023\/07\/815fab6b-cd8f-4977-a517-08982eae4358.jpg?fit=1200%2C746&ssl=1&resize=1050%2C600 3x"},"classes":[]},{"id":20204,"url":"https:\/\/tvpnoticias.com.mx\/?p=20204","url_meta":{"origin":15608,"position":2},"title":"Ricardo Gallardo celebrar\u00e1 Navidad en todo SLP","author":"Gamaliel Rodr\u00edguez","date":"2 de diciembre de 2024","format":false,"excerpt":"\u2022 La tradicional fiesta navide\u00f1a y el apoyo llegar\u00e1n a las cuatro regiones a partir del 5 de diciembre Para acercar m\u00e1s apoyo a las familias potosinas y compartir el esp\u00edritu de la Navidad con las y los potosinos, el Gobernador de San Luis Potos\u00ed Ricardo Gallardo Cardona, encabezar\u00e1 tradicionales\u2026","rel":"","context":"En \u00abInformaci\u00f3n General\u00bb","block_context":{"text":"Informaci\u00f3n General","link":"https:\/\/tvpnoticias.com.mx\/?cat=27730"},"img":{"alt_text":"","src":"https:\/\/i0.wp.com\/tvpnoticias.com.mx\/wp-content\/uploads\/2024\/12\/image_editor_output_image-406947035-1733163978792.jpg?fit=1080%2C607&ssl=1&resize=350%2C200","width":350,"height":200,"srcset":"https:\/\/i0.wp.com\/tvpnoticias.com.mx\/wp-content\/uploads\/2024\/12\/image_editor_output_image-406947035-1733163978792.jpg?fit=1080%2C607&ssl=1&resize=350%2C200 1x, https:\/\/i0.wp.com\/tvpnoticias.com.mx\/wp-content\/uploads\/2024\/12\/image_editor_output_image-406947035-1733163978792.jpg?fit=1080%2C607&ssl=1&resize=525%2C300 1.5x, https:\/\/i0.wp.com\/tvpnoticias.com.mx\/wp-content\/uploads\/2024\/12\/image_editor_output_image-406947035-1733163978792.jpg?fit=1080%2C607&ssl=1&resize=700%2C400 2x, https:\/\/i0.wp.com\/tvpnoticias.com.mx\/wp-content\/uploads\/2024\/12\/image_editor_output_image-406947035-1733163978792.jpg?fit=1080%2C607&ssl=1&resize=1050%2C600 3x"},"classes":[]},{"id":27600,"url":"https:\/\/tvpnoticias.com.mx\/?p=27600","url_meta":{"origin":15608,"position":3},"title":"Alcaldes potosinos respaldan iniciativa estatal: pensi\u00f3n a polic\u00edas","author":"Gamaliel Rodr\u00edguez","date":"31 de julio de 2025","format":false,"excerpt":"\u2022 Presidenta concejal y alcaldes de Pozos, Soledad, Ciudad Valles, Rioverde y Tamazunchale, celebraron la iniciativa enviada por Ricardo Gallardo al Congreso del Estado. Con un respaldo absoluto, los municipios de Villa de Pozos, Soledad de Graciano S\u00e1nchez, Ciudad Valles, Rioverde y Tamazunchale, celebraron la iniciativa del Gobernador de San\u2026","rel":"","context":"En \u00abInformaci\u00f3n General\u00bb","block_context":{"text":"Informaci\u00f3n General","link":"https:\/\/tvpnoticias.com.mx\/?cat=27730"},"img":{"alt_text":"","src":"https:\/\/i0.wp.com\/tvpnoticias.com.mx\/wp-content\/uploads\/2025\/07\/image_editor_output_image-981630016-1753979958554.jpg?fit=678%2C381&ssl=1&resize=350%2C200","width":350,"height":200,"srcset":"https:\/\/i0.wp.com\/tvpnoticias.com.mx\/wp-content\/uploads\/2025\/07\/image_editor_output_image-981630016-1753979958554.jpg?fit=678%2C381&ssl=1&resize=350%2C200 1x, https:\/\/i0.wp.com\/tvpnoticias.com.mx\/wp-content\/uploads\/2025\/07\/image_editor_output_image-981630016-1753979958554.jpg?fit=678%2C381&ssl=1&resize=525%2C300 1.5x"},"classes":[]},{"id":17994,"url":"https:\/\/tvpnoticias.com.mx\/?p=17994","url_meta":{"origin":15608,"position":4},"title":"Gobierno Estatal garantiza m\u00e1s apoyo a nuevos ayuntamientos","author":"Gamaliel Rodr\u00edguez","date":"2 de octubre de 2024","format":false,"excerpt":"En Villa de Pozos, Matehuala, Cedral y San Luis Potos\u00ed, el secretario General de Gobierno, J. Guadalupe Torres S\u00e1nchez, refrend\u00f3 el mensaje del Gobernador Ricardo Gallardo por la unidad y apoyo a las cuatro regionesCon la representaci\u00f3n del Gobernador Ricardo Gallardo Cardona, el secretario general de Gobierno, J. Guadalupe Torres\u2026","rel":"","context":"En \u00abInformaci\u00f3n General\u00bb","block_context":{"text":"Informaci\u00f3n General","link":"https:\/\/tvpnoticias.com.mx\/?cat=27730"},"img":{"alt_text":"","src":"https:\/\/i0.wp.com\/tvpnoticias.com.mx\/wp-content\/uploads\/2024\/10\/FB_IMG_1727893786246.jpg?fit=960%2C696&ssl=1&resize=350%2C200","width":350,"height":200,"srcset":"https:\/\/i0.wp.com\/tvpnoticias.com.mx\/wp-content\/uploads\/2024\/10\/FB_IMG_1727893786246.jpg?fit=960%2C696&ssl=1&resize=350%2C200 1x, https:\/\/i0.wp.com\/tvpnoticias.com.mx\/wp-content\/uploads\/2024\/10\/FB_IMG_1727893786246.jpg?fit=960%2C696&ssl=1&resize=525%2C300 1.5x, https:\/\/i0.wp.com\/tvpnoticias.com.mx\/wp-content\/uploads\/2024\/10\/FB_IMG_1727893786246.jpg?fit=960%2C696&ssl=1&resize=700%2C400 2x"},"classes":[]},{"id":28817,"url":"https:\/\/tvpnoticias.com.mx\/?p=28817","url_meta":{"origin":15608,"position":5},"title":"Ricardo Gallardo avanza sin l\u00edmites con pavimentaci\u00f3n de calles en Pozos","author":"Gamaliel Rodr\u00edguez","date":"11 de septiembre de 2025","format":false,"excerpt":"\u2022 El Gobernador del Estado inaugur\u00f3 la rehabilitaci\u00f3n de la calle Molino Rojo en Villa de Pozos, que generar\u00e1 mayor seguridad, plusval\u00eda y una movilidad sin l\u00edmites para las familias.El Gobernador de San Luis Potos\u00ed Ricardo Gallardo Cardona, puso al servicio de las familias de Villa de Pozos, la nueva\u2026","rel":"","context":"En \u00abInformaci\u00f3n General\u00bb","block_context":{"text":"Informaci\u00f3n General","link":"https:\/\/tvpnoticias.com.mx\/?cat=27730"},"img":{"alt_text":"","src":"https:\/\/i0.wp.com\/tvpnoticias.com.mx\/wp-content\/uploads\/2025\/09\/image_editor_output_image-208175292-1757613329470.jpg?fit=1200%2C674&ssl=1&resize=350%2C200","width":350,"height":200,"srcset":"https:\/\/i0.wp.com\/tvpnoticias.com.mx\/wp-content\/uploads\/2025\/09\/image_editor_output_image-208175292-1757613329470.jpg?fit=1200%2C674&ssl=1&resize=350%2C200 1x, https:\/\/i0.wp.com\/tvpnoticias.com.mx\/wp-content\/uploads\/2025\/09\/image_editor_output_image-208175292-1757613329470.jpg?fit=1200%2C674&ssl=1&resize=525%2C300 1.5x, https:\/\/i0.wp.com\/tvpnoticias.com.mx\/wp-content\/uploads\/2025\/09\/image_editor_output_image-208175292-1757613329470.jpg?fit=1200%2C674&ssl=1&resize=700%2C400 2x, https:\/\/i0.wp.com\/tvpnoticias.com.mx\/wp-content\/uploads\/2025\/09\/image_editor_output_image-208175292-1757613329470.jpg?fit=1200%2C674&ssl=1&resize=1050%2C600 3x"},"classes":[]}],"_links":{"self":[{"href":"https:\/\/tvpnoticias.com.mx\/index.php?rest_route=\/wp\/v2\/posts\/15608","targetHints":{"allow":["GET"]}}],"collection":[{"href":"https:\/\/tvpnoticias.com.mx\/index.php?rest_route=\/wp\/v2\/posts"}],"about":[{"href":"https:\/\/tvpnoticias.com.mx\/index.php?rest_route=\/wp\/v2\/types\/post"}],"author":[{"embeddable":true,"href":"https:\/\/tvpnoticias.com.mx\/index.php?rest_route=\/wp\/v2\/users\/232456897"}],"replies":[{"embeddable":true,"href":"https:\/\/tvpnoticias.com.mx\/index.php?rest_route=%2Fwp%2Fv2%2Fcomments&post=15608"}],"version-history":[{"count":1,"href":"https:\/\/tvpnoticias.com.mx\/index.php?rest_route=\/wp\/v2\/posts\/15608\/revisions"}],"predecessor-version":[{"id":15628,"href":"https:\/\/tvpnoticias.com.mx\/index.php?rest_route=\/wp\/v2\/posts\/15608\/revisions\/15628"}],"wp:featuredmedia":[{"embeddable":true,"href":"https:\/\/tvpnoticias.com.mx\/index.php?rest_route=\/wp\/v2\/media\/15607"}],"wp:attachment":[{"href":"https:\/\/tvpnoticias.com.mx\/index.php?rest_route=%2Fwp%2Fv2%2Fmedia&parent=15608"}],"wp:term":[{"taxonomy":"category","embeddable":true,"href":"https:\/\/tvpnoticias.com.mx\/index.php?rest_route=%2Fwp%2Fv2%2Fcategories&post=15608"},{"taxonomy":"post_tag","embeddable":true,"href":"https:\/\/tvpnoticias.com.mx\/index.php?rest_route=%2Fwp%2Fv2%2Ftags&post=15608"}],"curies":[{"name":"wp","href":"https:\/\/api.w.org\/{rel}","templated":true}]}}