{"id":11499,"date":"2024-03-29T10:00:08","date_gmt":"2024-03-29T16:00:08","guid":{"rendered":"https:\/\/tvpnoticias.com.mx\/?p=11499"},"modified":"2024-03-29T10:00:08","modified_gmt":"2024-03-29T16:00:08","slug":"impuesto-ambiental-entrara-en-vigor-el-10-de-junio","status":"publish","type":"post","link":"https:\/\/tvpnoticias.com.mx\/?p=11499","title":{"rendered":"Impuesto ambiental entrar\u00e1 en vigor el 10 de junio"},"content":{"rendered":"\n<p class=\"wp-block-paragraph\">El impuesto ambiental tiene como objetivo limpiar el aire para reducir el impacto de la contaminaci\u00f3n en la salud, brindando una mejor calidad de vida a las familias<br><br>El Poder Ejecutivo del Estado, a trav\u00e9s de la Secretar\u00eda de Finanzas (Sefin), inform\u00f3 que el cumplimiento del impuesto ambiental para garantizar un aire m\u00e1s limpio y sano a las familias potosinas y futuras generaciones, entrar\u00e1 en vigor a partir del 10 de junio del presente a\u00f1o. <\/p>\n\n\n\n<p class=\"wp-block-paragraph\"><br>La dependencia detall\u00f3 que tras la aprobaci\u00f3n de esta iniciativa en el Congreso del Estado y su publicaci\u00f3n en el Peri\u00f3dico Oficial del Estado mediante el Decreto 1029, se estableci\u00f3 un aplazamiento del primero de abril al 10 de junio, lapso en el que junto a la Secretar\u00eda de Ecolog\u00eda y Gesti\u00f3n Ambiental (Segam), se promover\u00e1n las formas de aplicaci\u00f3n y sus reglas de operaci\u00f3n ante los sujetos obligados.<\/p>\n\n\n\n<p class=\"wp-block-paragraph\"><br>El impuesto ambiental tiene como objetivo limpiar el aire al reducir las emisiones directas o indirectas de bi\u00f3xido de carbono y otros contaminantes, por lo que disminuir\u00e1 el impacto negativo en la salud, brindando una mejor calidad de vida.<\/p>\n\n\n\n<p class=\"wp-block-paragraph\"><br>Esta informaci\u00f3n es de inter\u00e9s p\u00fablico, de car\u00e1cter informativo, ajena a cualquier inter\u00e9s particular o alg\u00fan partido pol\u00edtico.<\/p>\n","protected":false},"excerpt":{"rendered":"<p>El impuesto ambiental tiene como objetivo limpiar el aire para reducir el impacto de la contaminaci\u00f3n en la salud, brindando una mejor calidad de vida a las familias El Poder Ejecutivo del Estado, a trav\u00e9s de la Secretar\u00eda de Finanzas &hellip; <a href=\"https:\/\/tvpnoticias.com.mx\/?p=11499\" class=\"more-link\">Contin\u00faa leyendo <span class=\"screen-reader-text\">Impuesto ambiental entrar\u00e1 en vigor el 10 de junio<\/span><\/a><\/p>\n","protected":false},"author":232456897,"featured_media":11498,"comment_status":"open","ping_status":"open","sticky":false,"template":"","format":"standard","meta":{"_crdt_document":"","rop_custom_images_group":[],"rop_custom_messages_group":[],"rop_publish_now":"initial","rop_publish_now_accounts":{"facebook_8025747037436539_114477521595495":""},"rop_publish_now_history":[],"rop_publish_now_status":"pending","advanced_seo_description":"","jetpack_seo_html_title":"","jetpack_seo_noindex":false,"_jetpack_newsletter_access":"","_jetpack_dont_email_post_to_subs":false,"_jetpack_newsletter_tier_id":0,"_jetpack_memberships_contains_paywalled_content":false,"_jetpack_memberships_contains_paid_content":false,"footnotes":"","jetpack_publicize_message":"#SLP | El impuesto ambiental tiene como objetivo limpiar el aire para reducir el impacto de la contaminaci\u00f3n en la salud, brindando una mejor calidad de vida a las familias","jetpack_publicize_feature_enabled":true,"jetpack_social_post_already_shared":true,"jetpack_social_options":{"image_generator_settings":{"template":"highway","default_image_id":0,"font":"","enabled":false},"version":2},"_wpas_customize_per_network":false,"jetpack_post_was_ever_published":false},"categories":[27730,49001],"tags":[29750],"class_list":{"0":"post-11499","1":"post","2":"type-post","3":"status-publish","4":"format-standard","5":"has-post-thumbnail","6":"hentry","7":"category-informacion-general","8":"category-locales","9":"tag-portada","11":"fallback-thumbnail"},"jetpack_publicize_connections":[],"jetpack_featured_media_url":"https:\/\/i0.wp.com\/tvpnoticias.com.mx\/wp-content\/uploads\/2024\/03\/images283929-1.jpeg?fit=400%2C300&ssl=1","jetpack_likes_enabled":false,"jetpack_sharing_enabled":true,"jetpack_shortlink":"https:\/\/wp.me\/peDonN-2Zt","jetpack-related-posts":[{"id":11265,"url":"https:\/\/tvpnoticias.com.mx\/?p=11265","url_meta":{"origin":11499,"position":0},"title":"Estado dar\u00e1 seguimiento al nuevo impuesto ambiental","author":"Gamaliel Rodr\u00edguez","date":"23 de marzo de 2024","format":false,"excerpt":"El Poder ejecutivo del Estado atento a las modificaciones para que la medida se aplique hasta despu\u00e9s de junio de 2024 El Poder Ejecutivo del Estado, seguir\u00e1 los trabajos administrativos y legales para la entrada en vigor del impuesto ambiental, hasta despu\u00e9s del 2 de junio de este a\u00f1o, con\u2026","rel":"","context":"En \u00abInformaci\u00f3n General\u00bb","block_context":{"text":"Informaci\u00f3n General","link":"https:\/\/tvpnoticias.com.mx\/?cat=27730"},"img":{"alt_text":"","src":"https:\/\/i0.wp.com\/tvpnoticias.com.mx\/wp-content\/uploads\/2024\/03\/IMG-20240321-WA0020.jpg?fit=1200%2C800&ssl=1&resize=350%2C200","width":350,"height":200,"srcset":"https:\/\/i0.wp.com\/tvpnoticias.com.mx\/wp-content\/uploads\/2024\/03\/IMG-20240321-WA0020.jpg?fit=1200%2C800&ssl=1&resize=350%2C200 1x, https:\/\/i0.wp.com\/tvpnoticias.com.mx\/wp-content\/uploads\/2024\/03\/IMG-20240321-WA0020.jpg?fit=1200%2C800&ssl=1&resize=525%2C300 1.5x, https:\/\/i0.wp.com\/tvpnoticias.com.mx\/wp-content\/uploads\/2024\/03\/IMG-20240321-WA0020.jpg?fit=1200%2C800&ssl=1&resize=700%2C400 2x, https:\/\/i0.wp.com\/tvpnoticias.com.mx\/wp-content\/uploads\/2024\/03\/IMG-20240321-WA0020.jpg?fit=1200%2C800&ssl=1&resize=1050%2C600 3x"},"classes":[]},{"id":12450,"url":"https:\/\/tvpnoticias.com.mx\/?p=12450","url_meta":{"origin":11499,"position":1},"title":"Garantizar la calidad del aire, objetivo del impuesto ambiental","author":"Gamaliel Rodr\u00edguez","date":"27 de abril de 2024","format":false,"excerpt":"San Luis Potos\u00ed, se sumar\u00e1 a las entidades del pa\u00eds, que cuentan con contribuciones ambientales, en apoyo a la regulaci\u00f3n, remediaci\u00f3n y atenci\u00f3n a temas ecol\u00f3gicos. El Poder Ejecutivo del Estado, a trav\u00e9s de la Secretar\u00eda de Finanzas (Sefin), atendi\u00f3 inquietudes, propuestas y comentarios de empresarios y expertos durante su\u2026","rel":"","context":"En \u00abInformaci\u00f3n General\u00bb","block_context":{"text":"Informaci\u00f3n General","link":"https:\/\/tvpnoticias.com.mx\/?cat=27730"},"img":{"alt_text":"","src":"https:\/\/i0.wp.com\/tvpnoticias.com.mx\/wp-content\/uploads\/2024\/04\/IMG-20240424-WA0137.jpg?fit=1080%2C720&ssl=1&resize=350%2C200","width":350,"height":200,"srcset":"https:\/\/i0.wp.com\/tvpnoticias.com.mx\/wp-content\/uploads\/2024\/04\/IMG-20240424-WA0137.jpg?fit=1080%2C720&ssl=1&resize=350%2C200 1x, https:\/\/i0.wp.com\/tvpnoticias.com.mx\/wp-content\/uploads\/2024\/04\/IMG-20240424-WA0137.jpg?fit=1080%2C720&ssl=1&resize=525%2C300 1.5x, https:\/\/i0.wp.com\/tvpnoticias.com.mx\/wp-content\/uploads\/2024\/04\/IMG-20240424-WA0137.jpg?fit=1080%2C720&ssl=1&resize=700%2C400 2x, https:\/\/i0.wp.com\/tvpnoticias.com.mx\/wp-content\/uploads\/2024\/04\/IMG-20240424-WA0137.jpg?fit=1080%2C720&ssl=1&resize=1050%2C600 3x"},"classes":[]},{"id":19541,"url":"https:\/\/tvpnoticias.com.mx\/?p=19541","url_meta":{"origin":11499,"position":2},"title":"Gobierno Estatal impulsa pol\u00edticas p\u00fablicas en favor del medio ambiente","author":"Gamaliel Rodr\u00edguez","date":"12 de noviembre de 2024","format":false,"excerpt":"\u2022 La Secretar\u00eda General de Gobierno de la mano con otras dependencias y el sector empresarial instal\u00f3 el Consejo de Miner\u00eda El Gobierno del Estado de San Luis Potos\u00ed trabaja en la implementaci\u00f3n y seguimiento de pol\u00edticas p\u00fablicas que promuevan m\u00e1s apoyo en el cuidado del medio ambiente, para que\u2026","rel":"","context":"En \u00abInformaci\u00f3n General\u00bb","block_context":{"text":"Informaci\u00f3n General","link":"https:\/\/tvpnoticias.com.mx\/?cat=27730"},"img":{"alt_text":"","src":"https:\/\/i0.wp.com\/tvpnoticias.com.mx\/wp-content\/uploads\/2024\/11\/IMG-20241109-WA0053.jpg?fit=1200%2C783&ssl=1&resize=350%2C200","width":350,"height":200,"srcset":"https:\/\/i0.wp.com\/tvpnoticias.com.mx\/wp-content\/uploads\/2024\/11\/IMG-20241109-WA0053.jpg?fit=1200%2C783&ssl=1&resize=350%2C200 1x, https:\/\/i0.wp.com\/tvpnoticias.com.mx\/wp-content\/uploads\/2024\/11\/IMG-20241109-WA0053.jpg?fit=1200%2C783&ssl=1&resize=525%2C300 1.5x, https:\/\/i0.wp.com\/tvpnoticias.com.mx\/wp-content\/uploads\/2024\/11\/IMG-20241109-WA0053.jpg?fit=1200%2C783&ssl=1&resize=700%2C400 2x, https:\/\/i0.wp.com\/tvpnoticias.com.mx\/wp-content\/uploads\/2024\/11\/IMG-20241109-WA0053.jpg?fit=1200%2C783&ssl=1&resize=1050%2C600 3x"},"classes":[]},{"id":7672,"url":"https:\/\/tvpnoticias.com.mx\/?p=7672","url_meta":{"origin":11499,"position":3},"title":"COPARMEX informa | Impuestos Ambientales","author":"tvpnoticias","date":"18 de diciembre de 2023","format":false,"excerpt":"En Coparmex Matehuala y Norte Potosino advertimos sobre la intenci\u00f3n del gobierno de San Luis Potos\u00ed de aumentar significativamente los impuestos ambientales sin que los ingresos generados por estos grav\u00e1menes est\u00e9n adecuadamente asignados a acciones de mitigaci\u00f3n y sin que se garantice que su uso cumpla con criterios de transparencia\u2026","rel":"","context":"En \u00abLocales\u00bb","block_context":{"text":"Locales","link":"https:\/\/tvpnoticias.com.mx\/?cat=49001"},"img":{"alt_text":"","src":"https:\/\/i0.wp.com\/tvpnoticias.com.mx\/wp-content\/uploads\/2023\/12\/412596718_1826586354441142_2881610742982884802_n.jpg?fit=1200%2C675&ssl=1&resize=350%2C200","width":350,"height":200,"srcset":"https:\/\/i0.wp.com\/tvpnoticias.com.mx\/wp-content\/uploads\/2023\/12\/412596718_1826586354441142_2881610742982884802_n.jpg?fit=1200%2C675&ssl=1&resize=350%2C200 1x, https:\/\/i0.wp.com\/tvpnoticias.com.mx\/wp-content\/uploads\/2023\/12\/412596718_1826586354441142_2881610742982884802_n.jpg?fit=1200%2C675&ssl=1&resize=525%2C300 1.5x, https:\/\/i0.wp.com\/tvpnoticias.com.mx\/wp-content\/uploads\/2023\/12\/412596718_1826586354441142_2881610742982884802_n.jpg?fit=1200%2C675&ssl=1&resize=700%2C400 2x, https:\/\/i0.wp.com\/tvpnoticias.com.mx\/wp-content\/uploads\/2023\/12\/412596718_1826586354441142_2881610742982884802_n.jpg?fit=1200%2C675&ssl=1&resize=1050%2C600 3x"},"classes":[]},{"id":13980,"url":"https:\/\/tvpnoticias.com.mx\/?p=13980","url_meta":{"origin":11499,"position":4},"title":"D\u00eda Mundial del Medio Ambiente","author":"Gamaliel Rodr\u00edguez","date":"5 de junio de 2024","format":false,"excerpt":"Cada 5 de junio, el mundo entero celebra el D\u00eda Mundial del Medio Ambiente, una fecha destinada a recordar la importancia de cuidar nuestro planeta y tomar medidas concretas para mitigar la contaminaci\u00f3n y reparar los da\u00f1os causados. Esta conmemoraci\u00f3n, que se celebra desde 1973, fue instituida por la Asamblea\u2026","rel":"","context":"En \u00abInformaci\u00f3n General\u00bb","block_context":{"text":"Informaci\u00f3n General","link":"https:\/\/tvpnoticias.com.mx\/?cat=27730"},"img":{"alt_text":"","src":"https:\/\/i0.wp.com\/tvpnoticias.com.mx\/wp-content\/uploads\/2024\/06\/images.png?fit=784%2C391&ssl=1&resize=350%2C200","width":350,"height":200,"srcset":"https:\/\/i0.wp.com\/tvpnoticias.com.mx\/wp-content\/uploads\/2024\/06\/images.png?fit=784%2C391&ssl=1&resize=350%2C200 1x, https:\/\/i0.wp.com\/tvpnoticias.com.mx\/wp-content\/uploads\/2024\/06\/images.png?fit=784%2C391&ssl=1&resize=525%2C300 1.5x, https:\/\/i0.wp.com\/tvpnoticias.com.mx\/wp-content\/uploads\/2024\/06\/images.png?fit=784%2C391&ssl=1&resize=700%2C400 2x"},"classes":[]},{"id":11725,"url":"https:\/\/tvpnoticias.com.mx\/?p=11725","url_meta":{"origin":11499,"position":5},"title":"Brindan asesor\u00edas para facilitar tramites ambientales","author":"Gamaliel Rodr\u00edguez","date":"5 de abril de 2024","format":false,"excerpt":"En los primeros meses del 2024 se han brindado m\u00e1s de 600 asesor\u00edas para tr\u00e1mites de manejo y disposici\u00f3n de residuos industriales no peligrosos, impacto ambiental, emisiones a la atm\u00f3sfera, entre otrosEn lo que va del 2024, el Poder Ejecutivo del Estado, a trav\u00e9s Secretar\u00eda de Ecolog\u00eda y Gesti\u00f3n Ambiental\u2026","rel":"","context":"En \u00abLocales\u00bb","block_context":{"text":"Locales","link":"https:\/\/tvpnoticias.com.mx\/?cat=49001"},"img":{"alt_text":"","src":"https:\/\/i0.wp.com\/tvpnoticias.com.mx\/wp-content\/uploads\/2024\/04\/IMG-20240403-WA0009.jpg?fit=1200%2C900&ssl=1&resize=350%2C200","width":350,"height":200,"srcset":"https:\/\/i0.wp.com\/tvpnoticias.com.mx\/wp-content\/uploads\/2024\/04\/IMG-20240403-WA0009.jpg?fit=1200%2C900&ssl=1&resize=350%2C200 1x, https:\/\/i0.wp.com\/tvpnoticias.com.mx\/wp-content\/uploads\/2024\/04\/IMG-20240403-WA0009.jpg?fit=1200%2C900&ssl=1&resize=525%2C300 1.5x, https:\/\/i0.wp.com\/tvpnoticias.com.mx\/wp-content\/uploads\/2024\/04\/IMG-20240403-WA0009.jpg?fit=1200%2C900&ssl=1&resize=700%2C400 2x, https:\/\/i0.wp.com\/tvpnoticias.com.mx\/wp-content\/uploads\/2024\/04\/IMG-20240403-WA0009.jpg?fit=1200%2C900&ssl=1&resize=1050%2C600 3x"},"classes":[]}],"_links":{"self":[{"href":"https:\/\/tvpnoticias.com.mx\/index.php?rest_route=\/wp\/v2\/posts\/11499","targetHints":{"allow":["GET"]}}],"collection":[{"href":"https:\/\/tvpnoticias.com.mx\/index.php?rest_route=\/wp\/v2\/posts"}],"about":[{"href":"https:\/\/tvpnoticias.com.mx\/index.php?rest_route=\/wp\/v2\/types\/post"}],"author":[{"embeddable":true,"href":"https:\/\/tvpnoticias.com.mx\/index.php?rest_route=\/wp\/v2\/users\/232456897"}],"replies":[{"embeddable":true,"href":"https:\/\/tvpnoticias.com.mx\/index.php?rest_route=%2Fwp%2Fv2%2Fcomments&post=11499"}],"version-history":[{"count":1,"href":"https:\/\/tvpnoticias.com.mx\/index.php?rest_route=\/wp\/v2\/posts\/11499\/revisions"}],"predecessor-version":[{"id":11540,"href":"https:\/\/tvpnoticias.com.mx\/index.php?rest_route=\/wp\/v2\/posts\/11499\/revisions\/11540"}],"wp:featuredmedia":[{"embeddable":true,"href":"https:\/\/tvpnoticias.com.mx\/index.php?rest_route=\/wp\/v2\/media\/11498"}],"wp:attachment":[{"href":"https:\/\/tvpnoticias.com.mx\/index.php?rest_route=%2Fwp%2Fv2%2Fmedia&parent=11499"}],"wp:term":[{"taxonomy":"category","embeddable":true,"href":"https:\/\/tvpnoticias.com.mx\/index.php?rest_route=%2Fwp%2Fv2%2Fcategories&post=11499"},{"taxonomy":"post_tag","embeddable":true,"href":"https:\/\/tvpnoticias.com.mx\/index.php?rest_route=%2Fwp%2Fv2%2Ftags&post=11499"}],"curies":[{"name":"wp","href":"https:\/\/api.w.org\/{rel}","templated":true}]}}