{"id":11497,"date":"2024-03-29T08:00:30","date_gmt":"2024-03-29T14:00:30","guid":{"rendered":"https:\/\/tvpnoticias.com.mx\/?p=11497"},"modified":"2024-03-29T08:00:30","modified_gmt":"2024-03-29T14:00:30","slug":"cual-fue-la-primer-palabra-de-jesus-en-la-cruz","status":"publish","type":"post","link":"https:\/\/tvpnoticias.com.mx\/?p=11497","title":{"rendered":"\u00bfCu\u00e1l fue la primer palabra de Jes\u00fas en la cruz?"},"content":{"rendered":"\n<p class=\"wp-block-paragraph\"><br><br>En el mediod\u00eda del Calvario, cerca de Jerusal\u00e9n, Jes\u00fas fue crucificado. Mientras soportaba el peso de la cruz, enfrentaba insultos, burlas y injurias por parte de aquellos que pasaban. Sus ropas fueron repartidas y su t\u00fanica echada a la suerte. Sin embargo, \u00bfc\u00f3mo respondi\u00f3 Jes\u00fas a tanto agravio? Con un silencio que hablaba m\u00e1s que mil palabras. En ese momento de extremo sufrimiento, elev\u00f3 una oraci\u00f3n al Padre: <strong>\u00ab\u00a1Padre!, perd\u00f3nalos, porque no saben lo que hacen\u00bb.<\/strong><br><br>Desde la cruz, Jes\u00fas or\u00f3 por sus verdugos, perdonando su pecado con un coraz\u00f3n magn\u00e1nimo y noble. Este acto fue coherente con su ense\u00f1anza de amar a los enemigos y rogar por los que persiguen. Jes\u00fas no alberg\u00f3 rencor ni venganza, sino que implor\u00f3 el perd\u00f3n y la salvaci\u00f3n para su pueblo. Hoy, \u00e9l es nuestro intercesor ante Dios, y mediante su sacrificio obtenemos el perd\u00f3n de los pecados.<br><br>El perd\u00f3n que Jes\u00fas pidi\u00f3 a su Padre revela una gran verdad: Dios es un Padre misericordioso. Nos ense\u00f1a a perdonar, a amar a nuestros enemigos, a olvidar las ofensas recibidas y a orar por aquellos que nos hacen mal. Nos saca de nuestros esquemas ego\u00edstas y nos muestra el coraz\u00f3n siempre dispuesto a perdonar y acoger.<br><br>Ante la cruz, debemos reconocer nuestra condici\u00f3n de pecadores y examinar nuestra vida. Es momento de quitarnos la venda de los ojos y enfrentar la realidad, de examinar nuestro amor al pr\u00f3jimo, nuestra relaci\u00f3n con Dios y los preceptos del perd\u00f3n y la misericordia del Evangelio.<br><br>En la Cruz de Cristo encontramos la m\u00e1xima expresi\u00f3n de amor y perd\u00f3n. Que su ejemplo nos inspire a vivir con compasi\u00f3n, misericordia y perd\u00f3n hacia todos.<\/p>\n","protected":false},"excerpt":{"rendered":"<p>En el mediod\u00eda del Calvario, cerca de Jerusal\u00e9n, Jes\u00fas fue crucificado. Mientras soportaba el peso de la cruz, enfrentaba insultos, burlas y injurias por parte de aquellos que pasaban. Sus ropas fueron repartidas y su t\u00fanica echada a la suerte. &hellip; <a href=\"https:\/\/tvpnoticias.com.mx\/?p=11497\" class=\"more-link\">Contin\u00faa leyendo <span class=\"screen-reader-text\">\u00bfCu\u00e1l fue la primer palabra de Jes\u00fas en la cruz?<\/span><\/a><\/p>\n","protected":false},"author":232456897,"featured_media":11496,"comment_status":"open","ping_status":"open","sticky":false,"template":"","format":"standard","meta":{"_crdt_document":"","rop_custom_images_group":[],"rop_custom_messages_group":[],"rop_publish_now":"initial","rop_publish_now_accounts":{"facebook_8025747037436539_114477521595495":""},"rop_publish_now_history":[],"rop_publish_now_status":"pending","advanced_seo_description":"","jetpack_seo_html_title":"","jetpack_seo_noindex":false,"_jetpack_newsletter_access":"","_jetpack_dont_email_post_to_subs":false,"_jetpack_newsletter_tier_id":0,"_jetpack_memberships_contains_paywalled_content":false,"_jetpack_memberships_contains_paid_content":false,"footnotes":"","jetpack_publicize_message":"#SemanaSanta | Ante la cruz, debemos reconocer nuestra condici\u00f3n de pecadores y examinar nuestra vida","jetpack_publicize_feature_enabled":true,"jetpack_social_post_already_shared":true,"jetpack_social_options":{"image_generator_settings":{"template":"highway","default_image_id":0,"font":"","enabled":false},"version":2},"_wpas_customize_per_network":false,"jetpack_post_was_ever_published":false},"categories":[537184],"tags":[537246],"class_list":{"0":"post-11497","1":"post","2":"type-post","3":"status-publish","4":"format-standard","5":"has-post-thumbnail","6":"hentry","7":"category-cultura","8":"tag-arte","10":"fallback-thumbnail"},"jetpack_publicize_connections":[],"jetpack_featured_media_url":"https:\/\/i0.wp.com\/tvpnoticias.com.mx\/wp-content\/uploads\/2024\/03\/images282729.jpeg?fit=300%2C168&ssl=1","jetpack_likes_enabled":false,"jetpack_sharing_enabled":true,"jetpack_shortlink":"https:\/\/wp.me\/peDonN-2Zr","jetpack-related-posts":[{"id":24520,"url":"https:\/\/tvpnoticias.com.mx\/?p=24520","url_meta":{"origin":11497,"position":0},"title":"Las 7 \u00faltimas palabras de Jes\u00fas en la cruz","author":"Gamaliel Rodr\u00edguez","date":"18 de abril de 2025","format":false,"excerpt":"En la Semana Santa, muchos cristianos alrededor del mundo reflexionan sobre las \u201cSiete Palabras\u201d que Jes\u00fas pronunci\u00f3 durante su crucifixi\u00f3n. Estas frases, llenas de profundidad espiritual, dolor humano y esperanza eterna, han sido meditadas durante siglos como un camino hacia el coraz\u00f3n del sacrificio de Cristo. Aqu\u00ed las recordamos una\u2026","rel":"","context":"En \u00abArte y Cultura\u00bb","block_context":{"text":"Arte y Cultura","link":"https:\/\/tvpnoticias.com.mx\/?cat=537184"},"img":{"alt_text":"","src":"https:\/\/i0.wp.com\/tvpnoticias.com.mx\/wp-content\/uploads\/2025\/04\/image_editor_output_image-1779365213-1744914060215.jpg?fit=735%2C413&ssl=1&resize=350%2C200","width":350,"height":200,"srcset":"https:\/\/i0.wp.com\/tvpnoticias.com.mx\/wp-content\/uploads\/2025\/04\/image_editor_output_image-1779365213-1744914060215.jpg?fit=735%2C413&ssl=1&resize=350%2C200 1x, https:\/\/i0.wp.com\/tvpnoticias.com.mx\/wp-content\/uploads\/2025\/04\/image_editor_output_image-1779365213-1744914060215.jpg?fit=735%2C413&ssl=1&resize=525%2C300 1.5x, https:\/\/i0.wp.com\/tvpnoticias.com.mx\/wp-content\/uploads\/2025\/04\/image_editor_output_image-1779365213-1744914060215.jpg?fit=735%2C413&ssl=1&resize=700%2C400 2x"},"classes":[]},{"id":11501,"url":"https:\/\/tvpnoticias.com.mx\/?p=11501","url_meta":{"origin":11497,"position":1},"title":"\u00abEstar\u00e1s conmigo&#8230;\u00bb, segunda palabra de Jes\u00fas en la cruz","author":"Gamaliel Rodr\u00edguez","date":"29 de marzo de 2024","format":false,"excerpt":"Las \"Siete Palabras\" son la denominaci\u00f3n convencional de las \u00faltimas frases que Jes\u00fas pronunci\u00f3 durante su crucifixi\u00f3n, seg\u00fan se recogen en los Evangelios can\u00f3nicos. Aunque los relatos difieren en el n\u00famero y el orden de las palabras, su significado es innegablemente profundo.En el relato de Lucas, Jes\u00fas pronuncia tres de\u2026","rel":"","context":"En \u00abArte y Cultura\u00bb","block_context":{"text":"Arte y Cultura","link":"https:\/\/tvpnoticias.com.mx\/?cat=537184"},"img":{"alt_text":"","src":"https:\/\/i0.wp.com\/tvpnoticias.com.mx\/wp-content\/uploads\/2024\/03\/images282829.jpeg?fit=739%2C415&ssl=1&resize=350%2C200","width":350,"height":200,"srcset":"https:\/\/i0.wp.com\/tvpnoticias.com.mx\/wp-content\/uploads\/2024\/03\/images282829.jpeg?fit=739%2C415&ssl=1&resize=350%2C200 1x, https:\/\/i0.wp.com\/tvpnoticias.com.mx\/wp-content\/uploads\/2024\/03\/images282829.jpeg?fit=739%2C415&ssl=1&resize=525%2C300 1.5x, https:\/\/i0.wp.com\/tvpnoticias.com.mx\/wp-content\/uploads\/2024\/03\/images282829.jpeg?fit=739%2C415&ssl=1&resize=700%2C400 2x"},"classes":[]},{"id":11507,"url":"https:\/\/tvpnoticias.com.mx\/?p=11507","url_meta":{"origin":11497,"position":2},"title":"Cuarta palabra de Jes\u00fas en la cruz","author":"Gamaliel Rodr\u00edguez","date":"29 de marzo de 2024","format":false,"excerpt":"La \"Cuarta Palabra\" de Jes\u00fas en la cruz es una de las declaraciones m\u00e1s conmovedoras registradas en los Evangelios durante su agon\u00eda. Seg\u00fan el relato de Mateo y Marcos, Jes\u00fas exclama: \"Dios m\u00edo, Dios m\u00edo, \u00bfpor qu\u00e9 me has abandonado?\" (Mateo 27:46; Marcos 15:34).Estas palabras reflejan el profundo sufrimiento de\u2026","rel":"","context":"En \u00abArte y Cultura\u00bb","block_context":{"text":"Arte y Cultura","link":"https:\/\/tvpnoticias.com.mx\/?cat=537184"},"img":{"alt_text":"","src":"https:\/\/i0.wp.com\/tvpnoticias.com.mx\/wp-content\/uploads\/2024\/03\/images283029.jpeg?fit=640%2C480&ssl=1&resize=350%2C200","width":350,"height":200,"srcset":"https:\/\/i0.wp.com\/tvpnoticias.com.mx\/wp-content\/uploads\/2024\/03\/images283029.jpeg?fit=640%2C480&ssl=1&resize=350%2C200 1x, https:\/\/i0.wp.com\/tvpnoticias.com.mx\/wp-content\/uploads\/2024\/03\/images283029.jpeg?fit=640%2C480&ssl=1&resize=525%2C300 1.5x"},"classes":[]},{"id":11515,"url":"https:\/\/tvpnoticias.com.mx\/?p=11515","url_meta":{"origin":11497,"position":3},"title":"\u00bfCu\u00e1l fue la \u00faltima palabra de Jes\u00fas en la cruz?","author":"Gamaliel Rodr\u00edguez","date":"29 de marzo de 2024","format":false,"excerpt":"La \"S\u00e9ptima Palabra\" de Jes\u00fas en la cruz, seg\u00fan el relato del Evangelio de Lucas, es una expresi\u00f3n de entrega final y confianza en Dios. En este momento culminante, Jes\u00fas pronuncia: \"Padre, en tus manos encomiendo mi esp\u00edritu\" (Lucas 23:46).Estas palabras reflejan la confianza y la comuni\u00f3n \u00edntima de Jes\u00fas\u2026","rel":"","context":"En \u00abArte y Cultura\u00bb","block_context":{"text":"Arte y Cultura","link":"https:\/\/tvpnoticias.com.mx\/?cat=537184"},"img":{"alt_text":"","src":"https:\/\/i0.wp.com\/tvpnoticias.com.mx\/wp-content\/uploads\/2024\/03\/maxresdefault28129.jpg?fit=1200%2C675&ssl=1&resize=350%2C200","width":350,"height":200,"srcset":"https:\/\/i0.wp.com\/tvpnoticias.com.mx\/wp-content\/uploads\/2024\/03\/maxresdefault28129.jpg?fit=1200%2C675&ssl=1&resize=350%2C200 1x, https:\/\/i0.wp.com\/tvpnoticias.com.mx\/wp-content\/uploads\/2024\/03\/maxresdefault28129.jpg?fit=1200%2C675&ssl=1&resize=525%2C300 1.5x, https:\/\/i0.wp.com\/tvpnoticias.com.mx\/wp-content\/uploads\/2024\/03\/maxresdefault28129.jpg?fit=1200%2C675&ssl=1&resize=700%2C400 2x, https:\/\/i0.wp.com\/tvpnoticias.com.mx\/wp-content\/uploads\/2024\/03\/maxresdefault28129.jpg?fit=1200%2C675&ssl=1&resize=1050%2C600 3x"},"classes":[]},{"id":11513,"url":"https:\/\/tvpnoticias.com.mx\/?p=11513","url_meta":{"origin":11497,"position":4},"title":"Consumado es, sexta palabra de Jes\u00fas en la cruz","author":"Gamaliel Rodr\u00edguez","date":"29 de marzo de 2024","format":false,"excerpt":"La \"Sexta Palabra\" de Jes\u00fas en la cruz, seg\u00fan el relato del Evangelio de Juan, es una declaraci\u00f3n de consumaci\u00f3n y entrega total. En este momento crucial, Jes\u00fas pronuncia: \"Todo est\u00e1 consumado\" (Juan 19:30).Estas tres palabras encapsulan el significado y el prop\u00f3sito de la vida y la misi\u00f3n de Jes\u00fas\u2026","rel":"","context":"En \u00abArte y Cultura\u00bb","block_context":{"text":"Arte y Cultura","link":"https:\/\/tvpnoticias.com.mx\/?cat=537184"},"img":{"alt_text":"","src":"https:\/\/i0.wp.com\/tvpnoticias.com.mx\/wp-content\/uploads\/2024\/03\/maxresdefault.jpg?fit=1200%2C675&ssl=1&resize=350%2C200","width":350,"height":200,"srcset":"https:\/\/i0.wp.com\/tvpnoticias.com.mx\/wp-content\/uploads\/2024\/03\/maxresdefault.jpg?fit=1200%2C675&ssl=1&resize=350%2C200 1x, https:\/\/i0.wp.com\/tvpnoticias.com.mx\/wp-content\/uploads\/2024\/03\/maxresdefault.jpg?fit=1200%2C675&ssl=1&resize=525%2C300 1.5x, https:\/\/i0.wp.com\/tvpnoticias.com.mx\/wp-content\/uploads\/2024\/03\/maxresdefault.jpg?fit=1200%2C675&ssl=1&resize=700%2C400 2x, https:\/\/i0.wp.com\/tvpnoticias.com.mx\/wp-content\/uploads\/2024\/03\/maxresdefault.jpg?fit=1200%2C675&ssl=1&resize=1050%2C600 3x"},"classes":[]},{"id":11503,"url":"https:\/\/tvpnoticias.com.mx\/?p=11503","url_meta":{"origin":11497,"position":5},"title":"La tercera palabra de Jes\u00fas en la Cruz","author":"Gamaliel Rodr\u00edguez","date":"29 de marzo de 2024","format":false,"excerpt":"En el relato de la crucifixi\u00f3n de Jes\u00fas, se destaca un momento particularmente conmovedor: sus palabras desde la cruz. La \"Tercera Palabra\" de Jes\u00fas en ese momento de extremo sufrimiento y sacrificio ofrece una ventana a su humanidad y divinidad.Aunque los Evangelios difieren en la enumeraci\u00f3n y el orden de\u2026","rel":"","context":"En \u00abArte y Cultura\u00bb","block_context":{"text":"Arte y Cultura","link":"https:\/\/tvpnoticias.com.mx\/?cat=537184"},"img":{"alt_text":"","src":"https:\/\/i0.wp.com\/tvpnoticias.com.mx\/wp-content\/uploads\/2024\/03\/hqdefault.jpg?fit=480%2C360&ssl=1&resize=350%2C200","width":350,"height":200},"classes":[]}],"_links":{"self":[{"href":"https:\/\/tvpnoticias.com.mx\/index.php?rest_route=\/wp\/v2\/posts\/11497","targetHints":{"allow":["GET"]}}],"collection":[{"href":"https:\/\/tvpnoticias.com.mx\/index.php?rest_route=\/wp\/v2\/posts"}],"about":[{"href":"https:\/\/tvpnoticias.com.mx\/index.php?rest_route=\/wp\/v2\/types\/post"}],"author":[{"embeddable":true,"href":"https:\/\/tvpnoticias.com.mx\/index.php?rest_route=\/wp\/v2\/users\/232456897"}],"replies":[{"embeddable":true,"href":"https:\/\/tvpnoticias.com.mx\/index.php?rest_route=%2Fwp%2Fv2%2Fcomments&post=11497"}],"version-history":[{"count":1,"href":"https:\/\/tvpnoticias.com.mx\/index.php?rest_route=\/wp\/v2\/posts\/11497\/revisions"}],"predecessor-version":[{"id":11539,"href":"https:\/\/tvpnoticias.com.mx\/index.php?rest_route=\/wp\/v2\/posts\/11497\/revisions\/11539"}],"wp:featuredmedia":[{"embeddable":true,"href":"https:\/\/tvpnoticias.com.mx\/index.php?rest_route=\/wp\/v2\/media\/11496"}],"wp:attachment":[{"href":"https:\/\/tvpnoticias.com.mx\/index.php?rest_route=%2Fwp%2Fv2%2Fmedia&parent=11497"}],"wp:term":[{"taxonomy":"category","embeddable":true,"href":"https:\/\/tvpnoticias.com.mx\/index.php?rest_route=%2Fwp%2Fv2%2Fcategories&post=11497"},{"taxonomy":"post_tag","embeddable":true,"href":"https:\/\/tvpnoticias.com.mx\/index.php?rest_route=%2Fwp%2Fv2%2Ftags&post=11497"}],"curies":[{"name":"wp","href":"https:\/\/api.w.org\/{rel}","templated":true}]}}